{"id":1445,"date":"2023-04-14T14:11:51","date_gmt":"2023-04-14T17:11:51","guid":{"rendered":"https:\/\/apruema.org\/?p=1445"},"modified":"2023-04-17T09:17:16","modified_gmt":"2023-04-17T12:17:16","slug":"apruema-comunicado-proposta-salarial","status":"publish","type":"post","link":"https:\/\/apruema.org.br\/index.php\/2023\/04\/14\/apruema-comunicado-proposta-salarial\/","title":{"rendered":"APRUEMA &#8211; COMUNICADO PROPOSTA SALARIAL"},"content":{"rendered":"<div id=\"pl-1445\"  class=\"panel-layout\" >\n<div id=\"pg-1445-0\"  class=\"panel-grid panel-no-style\" >\n<div id=\"pgc-1445-0-0\"  class=\"panel-grid-cell\"  data-weight=\"1\" >\n<div id=\"panel-1445-0-0-0\" class=\"so-panel widget widget_text panel-first-child\" data-index=\"0\" data-style=\"{&quot;background_image_attachment&quot;:false,&quot;background_display&quot;:&quot;tile&quot;,&quot;background_image_size&quot;:&quot;full&quot;,&quot;border_thickness&quot;:&quot;1px&quot;,&quot;featured_widgets&quot;:&quot;&quot;,&quot;bigger_title&quot;:&quot;&quot;}\" >\n<div class=\"textwidget\">\n<p>CAROS AMIGOS E COLEGAS ASSOCIADOS \u00c0 APRUEMA, BOM DIA!<\/p>\n<p>Passando para atualiz\u00e1-los em rela\u00e7\u00e3o \u00e0 Proposta Salarial dos integrantes do GRUPO EDUCA\u00c7\u00c3O, SUBGRUPO MAGIST\u00c9RIO SUPERIOR, elaborada pela Comiss\u00e3o Espec\u00edfica, criada pela APRUEMA e composta pelos professores Ubiraci Nascimento (presidente), Manoel Salgado, Tatiana de Paula, Ilmar Polary e Nazar\u00e9 Barros ( membros).<\/p>\n<p>Ontem( 13), durante reuni\u00e3o na Reitoria, a proposta, revisada pela Comiss\u00e3o, no que diz respeito \u00e0 percentuais, foi entregue ao Reitor Walter Canales, que far\u00e1 o devido encaminhamento dela.<\/p>\n<p>Ressalte-se que ela foi bem recebida pelo Reitor, considerando-se que, na revis\u00e3o da proposta, foi ouvida a Assessoria T\u00e9cnica da Reitoria.<\/p>\n<p>Espera-se, agora, superada essa etapa, que a proposta sensibilize o Governo do Estado, que tem \u00e0 frente um ex-aluno da UEMA, no caso o Governador Carlos Brand\u00e3o, que, certamente, n\u00e3o ignora que ela, a proposta, \u00e9 realista, cabendo com folga no Or\u00e7amento da UEMA e do Estado, refletindo, ent\u00e3o, as perdas salariais dos docentes das institui\u00e7\u00f5es estaduais de ensino superior, no caso, a UEMA e a UEMASUL, ao longo dos \u00faltimos anos.<\/p>\n<p>Abaixo, a Tabela com os vencimentos\u00a0propostos.<\/p>\n<\/div><\/div>\n<div id=\"panel-1445-0-0-1\" class=\"so-panel widget widget_sow-button panel-last-child\" data-index=\"1\" data-style=\"{&quot;background_image_attachment&quot;:false,&quot;background_display&quot;:&quot;tile&quot;,&quot;background_image_size&quot;:&quot;full&quot;,&quot;border_thickness&quot;:&quot;1px&quot;,&quot;featured_widgets&quot;:&quot;&quot;,&quot;bigger_title&quot;:&quot;&quot;}\" >[siteorigin_widget class=&#8221;SiteOrigin_Widget_Button_Widget&#8221;]<input type=\"hidden\" value=\"{&quot;instance&quot;:{&quot;text&quot;:&quot;CLique para ver a Tabela Salarial&quot;,&quot;url&quot;:&quot;https:\\\/\\\/apruema.org\\\/wp-content\\\/uploads\\\/2023\\\/04\\\/tebela.docx&quot;,&quot;new_window&quot;:true,&quot;download&quot;:true,&quot;button_icon&quot;:{&quot;icon_selected&quot;:&quot;fontawesome-sow-far-file-pdf&quot;,&quot;icon_color&quot;:&quot;#ffffff&quot;,&quot;icon&quot;:0,&quot;icon_placement&quot;:&quot;left&quot;,&quot;so_field_container_state&quot;:&quot;open&quot;},&quot;design&quot;:{&quot;width&quot;:false,&quot;width_unit&quot;:&quot;px&quot;,&quot;align&quot;:&quot;center&quot;,&quot;mobile_align&quot;:&quot;center&quot;,&quot;theme&quot;:&quot;flat&quot;,&quot;button_color&quot;:&quot;#1e73be&quot;,&quot;text_color&quot;:&quot;#ffffff&quot;,&quot;hover&quot;:true,&quot;hover_background_color&quot;:false,&quot;hover_text_color&quot;:false,&quot;font&quot;:&quot;default&quot;,&quot;font_size&quot;:&quot;1em&quot;,&quot;font_size_unit&quot;:&quot;em&quot;,&quot;padding&quot;:&quot;1em&quot;,&quot;padding_unit&quot;:&quot;em&quot;,&quot;rounding&quot;:&quot;0.25em 0.25em 0.25em 0.25em&quot;,&quot;so_field_container_state&quot;:&quot;open&quot;},&quot;attributes&quot;:{&quot;id&quot;:&quot;&quot;,&quot;classes&quot;:&quot;&quot;,&quot;title&quot;:&quot;&quot;,&quot;on_click&quot;:&quot;&quot;,&quot;rel&quot;:&quot;&quot;,&quot;so_field_container_state&quot;:&quot;closed&quot;},&quot;_sow_form_id&quot;:&quot;811720606439895aee8fe738570865&quot;,&quot;_sow_form_timestamp&quot;:&quot;1681492440298&quot;,&quot;so_sidebar_emulator_id&quot;:&quot;sow-button-144510001&quot;,&quot;option_name&quot;:&quot;widget_sow-button&quot;},&quot;args&quot;:{&quot;before_widget&quot;:&quot;&lt;div id=\\&quot;panel-1445-0-0-1\\&quot; class=\\&quot;so-panel widget widget_sow-button panel-last-child\\&quot; data-index=\\&quot;1\\&quot; data-style=\\&quot;{&amp;quot;background_image_attachment&amp;quot;:false,&amp;quot;background_display&amp;quot;:&amp;quot;tile&amp;quot;,&amp;quot;background_image_size&amp;quot;:&amp;quot;full&amp;quot;,&amp;quot;border_thickness&amp;quot;:&amp;quot;1px&amp;quot;,&amp;quot;featured_widgets&amp;quot;:&amp;quot;&amp;quot;,&amp;quot;bigger_title&amp;quot;:&amp;quot;&amp;quot;}\\&quot; &gt;&quot;,&quot;after_widget&quot;:&quot;&lt;\\\/div&gt;&quot;,&quot;before_title&quot;:&quot;&lt;h3 class=\\&quot;widget-title\\&quot;&gt;&lt;span class=\\&quot;widget-title__inline\\&quot;&gt;&quot;,&quot;after_title&quot;:&quot;&lt;\\\/span&gt;&lt;\\\/h3&gt;&quot;,&quot;widget_id&quot;:&quot;widget-0-0-1&quot;}}\" \/>[\/siteorigin_widget]<\/div>\n<\/div>\n<\/div>\n<\/div>\n","protected":false},"excerpt":{"rendered":"<p>CAROS AMIGOS E COLEGAS ASSOCIADOS \u00c0 APRUEMA, BOM DIA! Passando para atualiz\u00e1-los em rela\u00e7\u00e3o \u00e0 Proposta Salarial dos integrantes do GRUPO EDUCA\u00c7\u00c3O, SUBGRUPO MAGIST\u00c9RIO SUPERIOR, elaborada pela Comiss\u00e3o Espec\u00edfica, criada pela APRUEMA e composta pelos professores Ubiraci Nascimento (presidente), Manoel Salgado, Tatiana de Paula, Ilmar Polary e Nazar\u00e9 Barros ( membros). Ontem( 13), durante reuni\u00e3o [&hellip;]<\/p>\n","protected":false},"author":1,"featured_media":0,"comment_status":"closed","ping_status":"closed","sticky":false,"template":"","format":"standard","meta":{"footnotes":""},"categories":[104],"tags":[],"_links":{"self":[{"href":"https:\/\/apruema.org.br\/index.php\/wp-json\/wp\/v2\/posts\/1445"}],"collection":[{"href":"https:\/\/apruema.org.br\/index.php\/wp-json\/wp\/v2\/posts"}],"about":[{"href":"https:\/\/apruema.org.br\/index.php\/wp-json\/wp\/v2\/types\/post"}],"author":[{"embeddable":true,"href":"https:\/\/apruema.org.br\/index.php\/wp-json\/wp\/v2\/users\/1"}],"replies":[{"embeddable":true,"href":"https:\/\/apruema.org.br\/index.php\/wp-json\/wp\/v2\/comments?post=1445"}],"version-history":[{"count":11,"href":"https:\/\/apruema.org.br\/index.php\/wp-json\/wp\/v2\/posts\/1445\/revisions"}],"predecessor-version":[{"id":1460,"href":"https:\/\/apruema.org.br\/index.php\/wp-json\/wp\/v2\/posts\/1445\/revisions\/1460"}],"wp:attachment":[{"href":"https:\/\/apruema.org.br\/index.php\/wp-json\/wp\/v2\/media?parent=1445"}],"wp:term":[{"taxonomy":"category","embeddable":true,"href":"https:\/\/apruema.org.br\/index.php\/wp-json\/wp\/v2\/categories?post=1445"},{"taxonomy":"post_tag","embeddable":true,"href":"https:\/\/apruema.org.br\/index.php\/wp-json\/wp\/v2\/tags?post=1445"}],"curies":[{"name":"wp","href":"https:\/\/api.w.org\/{rel}","templated":true}]}}