{"id":1493,"date":"2023-06-18T09:45:35","date_gmt":"2023-06-18T12:45:35","guid":{"rendered":"https:\/\/apruema.org\/?p=1493"},"modified":"2023-06-18T09:45:35","modified_gmt":"2023-06-18T12:45:35","slug":"assembleia-geral-da-apruema-atualiza-sobre-plano-de-saude-assefaz-e-proposta-salarial-dos-docentes-da-uema-e-uemasul","status":"publish","type":"post","link":"https:\/\/apruema.org.br\/index.php\/2023\/06\/18\/assembleia-geral-da-apruema-atualiza-sobre-plano-de-saude-assefaz-e-proposta-salarial-dos-docentes-da-uema-e-uemasul\/","title":{"rendered":"Assembleia Geral da APRUEMA atualiza sobre Plano de Sa\u00fade ASSEFAZ e Proposta Salarial dos Docentes da UEMA e UEMASUL"},"content":{"rendered":"<p style=\"text-align: justify;\">Foi bastante movimentada a Assembleia Geral Extraordin\u00e1ria (AGE) da Associa\u00e7\u00e3o dos Professores da UEMA (APRUEMA) realizada, hoje, dia 16 de junho, no audit\u00f3rio Di\u00f3genes Carvalho Aquino, do Centro de Ci\u00eancias Tecnol\u00f3gicas (CCT) da UEMA. A AGE, que teve duas pautas \u00fanicas: Plano de Sa\u00fade ASSEFAZ e Proposta Salarial dos Docentes da UEMA e UEMASUL, contou com a participa\u00e7\u00e3o de quase todos os Diretores da APRUEMA. E n\u00e3o poderia ser diferente, em fun\u00e7\u00e3o da import\u00e2ncia dos assuntos tratados. No entanto, teve um fato curioso e in\u00e9dito que chamou a aten\u00e7\u00e3o de todos: pela primeira vez na hist\u00f3ria da Associa\u00e7\u00e3o, uma Assembleia Geral \u00e9 transmitida ao vivo pelo canal Youtube da Entidade.<br \/>\n<img fetchpriority=\"high\" decoding=\"async\" class=\"size-medium wp-image-1495 alignleft\" src=\"http:\/\/apruema.org\/wp-content\/uploads\/2023\/06\/Imagem-do-WhatsApp-de-2023-06-18-as-08.41.57-300x175.jpg\" alt=\"\" width=\"300\" height=\"175\" srcset=\"https:\/\/apruema.org.br\/wp-content\/uploads\/2023\/06\/Imagem-do-WhatsApp-de-2023-06-18-as-08.41.57-300x175.jpg 300w, https:\/\/apruema.org.br\/wp-content\/uploads\/2023\/06\/Imagem-do-WhatsApp-de-2023-06-18-as-08.41.57-1024x598.jpg 1024w, https:\/\/apruema.org.br\/wp-content\/uploads\/2023\/06\/Imagem-do-WhatsApp-de-2023-06-18-as-08.41.57-768x449.jpg 768w, https:\/\/apruema.org.br\/wp-content\/uploads\/2023\/06\/Imagem-do-WhatsApp-de-2023-06-18-as-08.41.57.jpg 1080w\" sizes=\"(max-width: 300px) 100vw, 300px\" \/>Assim, a Assembleia Geral Extraordin\u00e1ria, comandada pelo seu presidente Iran dos Passos, que fez a abertura oficial do evento, saudando todos os docentes s\u00f3cios presentes, contou ainda com a participa\u00e7\u00e3o do Assessor Jur\u00eddico da Entidade, advogado Arnaldo Ribeiro, e do Representante Comercial da Vital Benef\u00edcios, empres\u00e1rio Carlos Magno Bispo. Os dois (Arnaldo e Bispo), prestadores de servi\u00e7os da Associa\u00e7\u00e3o, foram convocados para, junto com a dire\u00e7\u00e3o da APRUEMA, dar mais esclarecimentos e apresentar solu\u00e7\u00f5es para o imbr\u00f3glio do Plano de Sa\u00fade ASSEFAZ, que tem tirado o sono de muitos docentes s\u00f3cios e familiares benefici\u00e1rios desse plano.<br \/>\nNa verdade, conv\u00e9m aqui esclarecer que, apesar das v\u00e1rias falas e manifesta\u00e7\u00f5es ocorridas por parte dos docentes s\u00f3cios presentes \u00e0 AGE, de certa forma salutares, a Assembleia Geral n\u00e3o foi de car\u00e1ter deliberativo, mas de car\u00e1ter explicativo, ou seja, convocada para dar mais esclarecimentos e, sobretudo, atualizar os docentes s\u00f3cios sobre os dois assuntos em quest\u00e3o, segundo explicou o presidente da APRUEMA, professor Iran dos Passos.<br \/>\nPortanto, em rela\u00e7\u00e3o ao Plano de Sa\u00fade ASSEFAZ, ficou definido que a APRUEMA, por meio da sua Assessoria Jur\u00eddica, para garantir efetivamente o cumprimento do contrato que expira s\u00f3 no ano de 2025, nos termos da Lei, mas a ASSEFAZ insiste em romper o contrato antes do tempo previsto, vai dar in\u00edcio em um processo de judicializa\u00e7\u00e3o desse contrato, que poder\u00e1 ser, em alguns casos, de forma individual, que s\u00e3o os casos mais graves de doen\u00e7a, e na sua maioria, de forma coletiva. Mas cada caso vai ser analisado minuciosamente pela dire\u00e7\u00e3o da APRUEMA para uma tomada de posi\u00e7\u00e3o.<br \/>\nParalelo a isso, a partir do dia 19 de junho (segunda-feira), na sede administrativa da Associa\u00e7\u00e3o, Carlos Magno Bispo, Gerente Comercial da Vital Benef\u00edcios, estar\u00e1 dando plant\u00e3o e apresentando novas op\u00e7\u00f5es de plano de sa\u00fade, especialmente das operadoras HapVida, SulAm\u00e9rica e Central Nacional Unimed. Tudo isso j\u00e1 pensando em um desfecho negativo nas negocia\u00e7\u00f5es que est\u00e3o ocorrendo entre UEMA e ASSEFAZ.<br \/>\nJ\u00e1 em rela\u00e7\u00e3o \u00e0 Proposta Salarial dos Docentes da UEMA e UEMASUL, aprovada em AGE no percentual de 50,28%, mas apresentada, ao Governo do Estado, pela Universidade Estadual do Maranh\u00e3o, de forma de escalonada em tr\u00eas parcelas:20% (agora em 2023), 15,14% em 2024, e 15,14% em 2025, o presidente Iran dos Passos disse que ontem, dia 15 de junho, esteve reunido na Casa Civil com o titular da pasta, e este informou que, por todo o m\u00eas de junho, provavelmente no dia 27 desse m\u00eas, o governador dar\u00e1 uma resposta, ao conjunto de servidores p\u00fablicos estaduais, sobre todas as propostas salariais que foram encaminhadas e est\u00e3o tramitando e sendo efetivamente analisadas pelas Secretarias SEGEP e SEPLAN, por meio do Comit\u00ea de Pol\u00edtica Salarial do Estado.<\/p>\n","protected":false},"excerpt":{"rendered":"<p>Foi bastante movimentada a Assembleia Geral Extraordin\u00e1ria (AGE) da Associa\u00e7\u00e3o dos Professores da UEMA (APRUEMA) realizada, hoje, dia 16 de junho, no audit\u00f3rio Di\u00f3genes Carvalho Aquino, do Centro de Ci\u00eancias Tecnol\u00f3gicas (CCT) da UEMA. A AGE, que teve duas pautas \u00fanicas: Plano de Sa\u00fade ASSEFAZ e Proposta Salarial dos Docentes da UEMA e UEMASUL, contou [&hellip;]<\/p>\n","protected":false},"author":1,"featured_media":1494,"comment_status":"closed","ping_status":"closed","sticky":false,"template":"","format":"standard","meta":{"footnotes":""},"categories":[104],"tags":[],"_links":{"self":[{"href":"https:\/\/apruema.org.br\/index.php\/wp-json\/wp\/v2\/posts\/1493"}],"collection":[{"href":"https:\/\/apruema.org.br\/index.php\/wp-json\/wp\/v2\/posts"}],"about":[{"href":"https:\/\/apruema.org.br\/index.php\/wp-json\/wp\/v2\/types\/post"}],"author":[{"embeddable":true,"href":"https:\/\/apruema.org.br\/index.php\/wp-json\/wp\/v2\/users\/1"}],"replies":[{"embeddable":true,"href":"https:\/\/apruema.org.br\/index.php\/wp-json\/wp\/v2\/comments?post=1493"}],"version-history":[{"count":1,"href":"https:\/\/apruema.org.br\/index.php\/wp-json\/wp\/v2\/posts\/1493\/revisions"}],"predecessor-version":[{"id":1496,"href":"https:\/\/apruema.org.br\/index.php\/wp-json\/wp\/v2\/posts\/1493\/revisions\/1496"}],"wp:featuredmedia":[{"embeddable":true,"href":"https:\/\/apruema.org.br\/index.php\/wp-json\/wp\/v2\/media\/1494"}],"wp:attachment":[{"href":"https:\/\/apruema.org.br\/index.php\/wp-json\/wp\/v2\/media?parent=1493"}],"wp:term":[{"taxonomy":"category","embeddable":true,"href":"https:\/\/apruema.org.br\/index.php\/wp-json\/wp\/v2\/categories?post=1493"},{"taxonomy":"post_tag","embeddable":true,"href":"https:\/\/apruema.org.br\/index.php\/wp-json\/wp\/v2\/tags?post=1493"}],"curies":[{"name":"wp","href":"https:\/\/api.w.org\/{rel}","templated":true}]}}