{"id":1500,"date":"2023-06-23T17:11:29","date_gmt":"2023-06-23T20:11:29","guid":{"rendered":"https:\/\/apruema.org\/?p=1500"},"modified":"2023-06-23T17:11:29","modified_gmt":"2023-06-23T20:11:29","slug":"diretores-da-apruema-discutem-com-deputados-estaduais-proposta-de-recomposicao-salarial-dos-professores-da-uema-e-uemasul","status":"publish","type":"post","link":"https:\/\/apruema.org.br\/index.php\/2023\/06\/23\/diretores-da-apruema-discutem-com-deputados-estaduais-proposta-de-recomposicao-salarial-dos-professores-da-uema-e-uemasul\/","title":{"rendered":"DIRETORES DA APRUEMA DISCUTEM COM DEPUTADOS ESTADUAIS PROPOSTA DE RECOMPOSI\u00c7\u00c3O SALARIAL DOS PROFESSORES DA UEMA E UEMASUL"},"content":{"rendered":"<p style=\"text-align: justify;\"><img fetchpriority=\"high\" decoding=\"async\" class=\"size-medium wp-image-1502 alignleft\" src=\"http:\/\/apruema.org\/wp-content\/uploads\/2023\/06\/Imagem-do-WhatsApp-de-2023-06-23-as-14.04.28-226x300.jpg\" alt=\"\" width=\"226\" height=\"300\" srcset=\"https:\/\/apruema.org.br\/wp-content\/uploads\/2023\/06\/Imagem-do-WhatsApp-de-2023-06-23-as-14.04.28-226x300.jpg 226w, https:\/\/apruema.org.br\/wp-content\/uploads\/2023\/06\/Imagem-do-WhatsApp-de-2023-06-23-as-14.04.28-771x1024.jpg 771w, https:\/\/apruema.org.br\/wp-content\/uploads\/2023\/06\/Imagem-do-WhatsApp-de-2023-06-23-as-14.04.28-768x1021.jpg 768w, https:\/\/apruema.org.br\/wp-content\/uploads\/2023\/06\/Imagem-do-WhatsApp-de-2023-06-23-as-14.04.28-1156x1536.jpg 1156w, https:\/\/apruema.org.br\/wp-content\/uploads\/2023\/06\/Imagem-do-WhatsApp-de-2023-06-23-as-14.04.28.jpg 1204w\" sizes=\"(max-width: 226px) 100vw, 226px\" \/>Mais um passo \u00a0foi dado pela Associa\u00e7\u00e3o dos Professores da UEMA (APRUEMA) na defesa da Tabela de Recomposi\u00e7\u00e3o Salarial dos Integrantes do Grupo Educa\u00e7\u00e3o, Subgrupo Magist\u00e9rio Superior, a que pertencem os Docentes da UEMA e UEMASUL.<\/p>\n<p style=\"text-align: justify;\">Ter\u00e7a-feira, \u00a0dia 20 de Junho, o Presidente da APRUEMA, Professor Iran dos Passos, o Vice-Presidente Cristovam Filho, e os professores-diretores Manoel Salgado e Ilmar Polary, foram recebidos em audi\u00eancia pelo Deputado Estadual Carlos Lula (PSB), Presidente da Comiss\u00e3o de Constitui\u00e7\u00e3o e Justi\u00e7a (CCJ) da Assembleia Legislativa do Maranh\u00e3o.<\/p>\n<p style=\"text-align: justify;\">No encontro, muito receptivo e descontra\u00eddo, o Presidente Iran dos Passos fez um\u00a0 relato das a\u00e7\u00f5es desenvolvidas pela APRUEMA, como leg\u00edtima representante da classe docente da UEMA e UEMASUL, ao Deputado Estadual Carlos Lula, ocasi\u00e3o em que o parlamentar demonstrou preocupa\u00e7\u00e3o com a situa\u00e7\u00e3o em que se encontram, hoje, os docentes da principal universidade p\u00fablica do Estado Maranh\u00e3o, que \u00e9 a UEMA, no que diz respeito \u00e0 quest\u00e3o salarial.<\/p>\n<p style=\"text-align: justify;\">Na oportunidade, o dirigente maior da Associa\u00e7\u00e3o enumerou as etapas da sua peregrina\u00e7\u00e3o junto aos \u00f3rg\u00e3os do Poder Executivo Estadual (SEMAG, SEGEP e CASA CIVIL) at\u00e9 chegar ao Poder Legislativo. Nesse caso, no Gabinete do Deputado Estadual Carlos Lula, que, como j\u00e1 se disse, \u00e9 o Presidente da CCJ da Assembleia, f\u00f3rum onde tramitam e s\u00e3o analisadas todas as demandas encaminhadas pelos Poderes Executivo e Judici\u00e1rio.<\/p>\n<p style=\"text-align: justify;\">\n<p style=\"text-align: justify;\">Em todas as etapas do percurso feito pelos diretores da APRUEMA, a Proposta Salarial dos Docentes da UEMA e UEMASUL foi entregue ao secret\u00e1rio de cada pasta para an\u00e1lise e o devido encaminhamento. N\u00e3o foi diferente com o Deputado Estadual Carlos Lula. Apesar desse documento (Proposta Salarial) j\u00e1 est\u00e1 tramitando em todas as Secretarias do Poder Executivo Estadual, envolvidas com demandas salariais, o Presidente Iran dos Passos fez quest\u00e3o de entregar, tamb\u00e9m, uma c\u00f3pia da Proposta ao Presidente da CCJ da Assembleia do Maranh\u00e3o.<\/p>\n<p style=\"text-align: justify;\">O Deputado Carlos Lula disse que j\u00e1 tinha conhecimento da Proposta Salarial da UEMA e UEMASUL, mas, em uma an\u00e1lise r\u00e1pida que fez da atual situa\u00e7\u00e3o, foi enf\u00e1tico: \u201cMe assustei com os sal\u00e1rios pagos, hoje, aos professores da Universidade Estadual do Maranh\u00e3o, que s\u00e3o inferiores aos dos professores do Ensino M\u00e9dio\u201d. E at\u00e9 sugeriu: \u201cDo jeito que est\u00e1 \u00e9 melhor ser professor da rede p\u00fablica estadual\u201d, comentou.<\/p>\n<p style=\"text-align: justify;\">Ao final, disse que est\u00e1 sensibilizado com a causa da UEMA e UEMASUL e prometeu mediar junto ao Poder Executivo, ou seja, junto ao Governo do Estado, sobre o assunto em quest\u00e3o.<\/p>\n<p style=\"text-align: justify;\">Nessa mesma linha de racioc\u00ednio, o Presidente Iran dos Passos foi categ\u00f3rico em afirmar: \u201cSem dem\u00e9rito algum aos professores do Ensino M\u00e9dio, mas n\u00f3s, do Ensino Superior, \u00e9 que formamos esses professores que est\u00e3o no mercado, hoje dando aulas nas redes p\u00fablicas estadual e municipais. Portanto, \u00e9 um contrassenso, uma injusti\u00e7a, n\u00f3s, da UEMA e UEMASUL, que temos como especificidades pr\u00f3prias o Ensino, a Pesquisa e Extens\u00e3o, termos uma remunera\u00e7\u00e3o inferior a deles\u201d.<\/p>\n<p style=\"text-align: justify;\">J\u00e1 na quarta-feira, dia 21 de junho, os diretores da APRUEMA, Iran dos Passos (Presidente) e Cristovam Filho (Vice-Presidente) \u00a0foram, em audi\u00eancia, \u00a0recebidos pelo Deputado Rafael Leitoa (PSB), L\u00edder do Governo na Assembleia Legislativa do Maranh\u00e3o.<\/p>\n<p style=\"text-align: justify;\">Na oportunidade, tamb\u00e9m foi apresentada ao parlamentar a Proposta de Recomposi\u00e7\u00e3o Salarial dos Integrantes do Grupo Educa\u00e7\u00e3o, Subgrupo Magist\u00e9rio Superior entregue ao Governo do Estado, estando tramitando nas secretarias respons\u00e1veis pelo exame de demandas salariais.<\/p>\n<p style=\"text-align: justify;\">Rafael Leitoa concordou que a Proposta \u00e9 justa. Considerou, tamb\u00e9m, a necessidade da recomposi\u00e7\u00e3o salarial dos docentes da UEMA e da UEMASUL<\/p>\n","protected":false},"excerpt":{"rendered":"<p>Mais um passo \u00a0foi dado pela Associa\u00e7\u00e3o dos Professores da UEMA (APRUEMA) na defesa da Tabela de Recomposi\u00e7\u00e3o Salarial dos Integrantes do Grupo Educa\u00e7\u00e3o, Subgrupo Magist\u00e9rio Superior, a que pertencem os Docentes da UEMA e UEMASUL. Ter\u00e7a-feira, \u00a0dia 20 de Junho, o Presidente da APRUEMA, Professor Iran dos Passos, o Vice-Presidente Cristovam Filho, e os [&hellip;]<\/p>\n","protected":false},"author":1,"featured_media":1501,"comment_status":"closed","ping_status":"closed","sticky":false,"template":"","format":"standard","meta":{"footnotes":""},"categories":[104],"tags":[],"_links":{"self":[{"href":"https:\/\/apruema.org.br\/index.php\/wp-json\/wp\/v2\/posts\/1500"}],"collection":[{"href":"https:\/\/apruema.org.br\/index.php\/wp-json\/wp\/v2\/posts"}],"about":[{"href":"https:\/\/apruema.org.br\/index.php\/wp-json\/wp\/v2\/types\/post"}],"author":[{"embeddable":true,"href":"https:\/\/apruema.org.br\/index.php\/wp-json\/wp\/v2\/users\/1"}],"replies":[{"embeddable":true,"href":"https:\/\/apruema.org.br\/index.php\/wp-json\/wp\/v2\/comments?post=1500"}],"version-history":[{"count":1,"href":"https:\/\/apruema.org.br\/index.php\/wp-json\/wp\/v2\/posts\/1500\/revisions"}],"predecessor-version":[{"id":1503,"href":"https:\/\/apruema.org.br\/index.php\/wp-json\/wp\/v2\/posts\/1500\/revisions\/1503"}],"wp:featuredmedia":[{"embeddable":true,"href":"https:\/\/apruema.org.br\/index.php\/wp-json\/wp\/v2\/media\/1501"}],"wp:attachment":[{"href":"https:\/\/apruema.org.br\/index.php\/wp-json\/wp\/v2\/media?parent=1500"}],"wp:term":[{"taxonomy":"category","embeddable":true,"href":"https:\/\/apruema.org.br\/index.php\/wp-json\/wp\/v2\/categories?post=1500"},{"taxonomy":"post_tag","embeddable":true,"href":"https:\/\/apruema.org.br\/index.php\/wp-json\/wp\/v2\/tags?post=1500"}],"curies":[{"name":"wp","href":"https:\/\/api.w.org\/{rel}","templated":true}]}}