{"id":1639,"date":"2023-10-20T19:32:15","date_gmt":"2023-10-20T22:32:15","guid":{"rendered":"https:\/\/apruema.org\/?p=1639"},"modified":"2023-10-20T19:33:56","modified_gmt":"2023-10-20T22:33:56","slug":"resolucao-apruema-no-001-2023","status":"publish","type":"post","link":"https:\/\/apruema.org.br\/index.php\/2023\/10\/20\/resolucao-apruema-no-001-2023\/","title":{"rendered":"RESOLU\u00c7AO APRUEMA N\u00ba 001\/2023"},"content":{"rendered":"<p style=\"text-align: justify;\"><strong>RESOLU\u00c7AO APRUEMA N\u00ba 001\/2023\u00a0\u00a0\u00a0\u00a0\u00a0\u00a0\u00a0\u00a0\u00a0 S\u00e3o Lu\u00eds (MA).,\u00a0 12 de outubro de 2023.<\/strong><\/p>\n<p style=\"text-align: justify;\"><strong>\u00a0<\/strong><\/p>\n<p style=\"text-align: justify;\"><strong>\u00a0<\/strong><\/p>\n<p style=\"text-align: justify;\"><strong>\u00a0<\/strong><\/p>\n<p style=\"text-align: justify;\"><strong>Nomeia\u00a0 <\/strong>a\u00a0 Comiss\u00e3o\u00a0 Eleitoral,\u00a0 para\u00a0 reger\u00a0\u00a0 coordenar as <strong>Elei\u00e7\u00f5es Gerais da APRUEMA<\/strong> a se realizarem no dia 14 de novembro de 2023.<\/p>\n<p style=\"text-align: justify;\">\u00a0\u00a0\u00a0\u00a0\u00a0\u00a0\u00a0\u00a0\u00a0\u00a0\u00a0\u00a0\u00a0\u00a0\u00a0\u00a0\u00a0\u00a0\u00a0\u00a0\u00a0\u00a0\u00a0 O <strong>Presidente do Conselho Diretor da ASSOCIA\u00c7\u00c3O DOS PROFESSORES DA UNIVERSIDADE ESTADUAL DO MARANH\u00c3O\u2013APRUEMA, <\/strong>em cumprimento ao que disp\u00f5e o artigo 2\u00ba do Regulamento das Elei\u00e7\u00f5es,<\/p>\n<p style=\"text-align: justify;\">\u00a0\u00a0\u00a0\u00a0\u00a0\u00a0\u00a0\u00a0\u00a0\u00a0\u00a0\u00a0\u00a0\u00a0\u00a0\u00a0\u00a0\u00a0\u00a0\u00a0\u00a0\u00a0\u00a0 <strong>Nomeia <\/strong>como membros efetivos os professores <strong>FL\u00c1VIO TRINDADE JER\u00d4NIMO \u2013 ID n\u00ba 1893\/0, WELLINGTON DE ASSUN\u00c7\u00c3O \u2013 ID n\u00ba 6637\/02 <\/strong>e <strong>LUIS CARLOS SANTOS RODRIGUES- ID 6797-1,<\/strong> como membro suplente o professor<strong> AIRTON FEITOSA CUNHA \u2013 ID n\u00ba 006884\/1 <\/strong>para, sob a presid\u00eancia do primeiro, comporem a <strong>Comiss\u00e3o Eleitoral da APRUEMA<\/strong>, outorgando-lhes todo os poderes para ralizarem as <strong>ELEI\u00c7\u00d5ES GERAIS <\/strong>para o <strong>Conselho Diretor, Conselho Fiscal <\/strong>e Representa\u00e7\u00f5es Regionais de <strong>Bacabal, Balsas, Caxias, Santa In\u00eas, Timon e UEMASUL <\/strong>em Imperatriz.<\/p>\n<p style=\"text-align: justify;\">\u00a0\u00a0\u00a0\u00a0\u00a0\u00a0\u00a0\u00a0\u00a0\u00a0\u00a0\u00a0\u00a0\u00a0\u00a0\u00a0\u00a0\u00a0\u00a0\u00a0\u00a0\u00a0\u00a0 Ficam os referidos professores convocados para instalarem a Comiss\u00e3o Eleitoral no dia <strong>16 de outubro de 2023, \u00e0s 09 horas na sede administrativa da APRUEMA, no Campus Universit\u00e1rio Paulo VI, <\/strong>passando da\u00ed em diante a exercer todos os poderes concernentes aos atos eleitorais, resolver os casos omissos e baixar normas complementares.<\/p>\n<p><strong>\u00a0<\/strong><\/p>\n<p><strong>S\u00e3o Lu\u00eds (MA)., 12 de outubro de 2023.<\/strong><\/p>\n<p><strong>\u00a0<\/strong><\/p>\n<p><strong> <img decoding=\"async\" class=\"size-full wp-image-1628 aligncenter\" src=\"http:\/\/apruema.org\/wp-content\/uploads\/2023\/10\/ASS.png\" alt=\"\" width=\"145\" height=\"78\" \/><\/strong><\/p>\n<p style=\"text-align: center;\"><strong>Prof. Dr. IRAN DE JESUS RODRIGUES DOS PASSOS<\/strong><\/p>\n<p style=\"text-align: center;\"><strong>Presidente do Conselho Diretor da APRUEMA<\/strong><\/p>\n<p><strong>\u00a0<\/strong><\/p>\n<p><strong>\u00a0<\/strong><\/p>\n<p><strong>\u00a0<\/strong><\/p>\n<p><strong>\u00a0<\/strong><\/p>\n<p><strong>\u00a0<\/strong><\/p>\n","protected":false},"excerpt":{"rendered":"<p>RESOLU\u00c7AO APRUEMA N\u00ba 001\/2023\u00a0\u00a0\u00a0\u00a0\u00a0\u00a0\u00a0\u00a0\u00a0 S\u00e3o Lu\u00eds (MA).,\u00a0 12 de outubro de 2023. \u00a0 \u00a0 \u00a0 Nomeia\u00a0 a\u00a0 Comiss\u00e3o\u00a0 Eleitoral,\u00a0 para\u00a0 reger\u00a0\u00a0 coordenar as Elei\u00e7\u00f5es Gerais da APRUEMA a se realizarem no dia 14 de novembro de 2023. \u00a0\u00a0\u00a0\u00a0\u00a0\u00a0\u00a0\u00a0\u00a0\u00a0\u00a0\u00a0\u00a0\u00a0\u00a0\u00a0\u00a0\u00a0\u00a0\u00a0\u00a0\u00a0\u00a0 O Presidente do Conselho Diretor da ASSOCIA\u00c7\u00c3O DOS PROFESSORES DA UNIVERSIDADE ESTADUAL DO MARANH\u00c3O\u2013APRUEMA, em cumprimento ao [&hellip;]<\/p>\n","protected":false},"author":1,"featured_media":0,"comment_status":"closed","ping_status":"closed","sticky":false,"template":"","format":"standard","meta":{"footnotes":""},"categories":[104],"tags":[],"_links":{"self":[{"href":"https:\/\/apruema.org.br\/index.php\/wp-json\/wp\/v2\/posts\/1639"}],"collection":[{"href":"https:\/\/apruema.org.br\/index.php\/wp-json\/wp\/v2\/posts"}],"about":[{"href":"https:\/\/apruema.org.br\/index.php\/wp-json\/wp\/v2\/types\/post"}],"author":[{"embeddable":true,"href":"https:\/\/apruema.org.br\/index.php\/wp-json\/wp\/v2\/users\/1"}],"replies":[{"embeddable":true,"href":"https:\/\/apruema.org.br\/index.php\/wp-json\/wp\/v2\/comments?post=1639"}],"version-history":[{"count":3,"href":"https:\/\/apruema.org.br\/index.php\/wp-json\/wp\/v2\/posts\/1639\/revisions"}],"predecessor-version":[{"id":1642,"href":"https:\/\/apruema.org.br\/index.php\/wp-json\/wp\/v2\/posts\/1639\/revisions\/1642"}],"wp:attachment":[{"href":"https:\/\/apruema.org.br\/index.php\/wp-json\/wp\/v2\/media?parent=1639"}],"wp:term":[{"taxonomy":"category","embeddable":true,"href":"https:\/\/apruema.org.br\/index.php\/wp-json\/wp\/v2\/categories?post=1639"},{"taxonomy":"post_tag","embeddable":true,"href":"https:\/\/apruema.org.br\/index.php\/wp-json\/wp\/v2\/tags?post=1639"}],"curies":[{"name":"wp","href":"https:\/\/api.w.org\/{rel}","templated":true}]}}