{"id":2980,"date":"2025-01-30T15:47:17","date_gmt":"2025-01-30T18:47:17","guid":{"rendered":"https:\/\/apruema.org.br\/?p=2980"},"modified":"2025-01-30T16:04:21","modified_gmt":"2025-01-30T19:04:21","slug":"apruema-marca-presenca-no-evento-de-nomeacao-de-111-professores-efetivos-da-uema","status":"publish","type":"post","link":"https:\/\/apruema.org.br\/index.php\/2025\/01\/30\/apruema-marca-presenca-no-evento-de-nomeacao-de-111-professores-efetivos-da-uema\/","title":{"rendered":"Apruema marca presen\u00e7a em evento de nomea\u00e7\u00e3o de 111 professores efetivos da Uema"},"content":{"rendered":"<p><img fetchpriority=\"high\" decoding=\"async\" class=\"wp-image-2982 aligncenter\" src=\"http:\/\/apruema.org.br\/wp-content\/uploads\/2025\/01\/Imagem-do-WhatsApp-de-2025-01-30-as-14.52.14_ac0393a4-1024x682.jpg\" alt=\"\" width=\"441\" height=\"294\" srcset=\"https:\/\/apruema.org.br\/wp-content\/uploads\/2025\/01\/Imagem-do-WhatsApp-de-2025-01-30-as-14.52.14_ac0393a4-1024x682.jpg 1024w, https:\/\/apruema.org.br\/wp-content\/uploads\/2025\/01\/Imagem-do-WhatsApp-de-2025-01-30-as-14.52.14_ac0393a4-300x200.jpg 300w, https:\/\/apruema.org.br\/wp-content\/uploads\/2025\/01\/Imagem-do-WhatsApp-de-2025-01-30-as-14.52.14_ac0393a4-768x512.jpg 768w, https:\/\/apruema.org.br\/wp-content\/uploads\/2025\/01\/Imagem-do-WhatsApp-de-2025-01-30-as-14.52.14_ac0393a4-150x100.jpg 150w, https:\/\/apruema.org.br\/wp-content\/uploads\/2025\/01\/Imagem-do-WhatsApp-de-2025-01-30-as-14.52.14_ac0393a4.jpg 1280w\" sizes=\"(max-width: 441px) 100vw, 441px\" \/><\/p>\n<p><span style=\"font-weight: 400;\">Ontem(29), aconteceu, no audit\u00f3rio do Centro de Ci\u00eancias Sociais Aplicadas (CCSA), da Universidade Estadual do Maranh\u00e3o (Uema), o ato de nomea\u00e7\u00e3o de 111 novos professores efetivos da institui\u00e7\u00e3o. O documento foi assinado pelo governador\u00a0 Carlos Brand\u00e3o e o reitor da Uema, Walter Canales, al\u00e9m da presidente da Assembleia Legislativa do Maranh\u00e3o, Iracema Vale, que assinou como testemunha.<\/span><\/p>\n<p><span style=\"font-weight: 400;\">A Apruema, representada pelo presidente Cristovam Filho, pelo diretor de Comunica\u00e7\u00e3o Reinaldo Silva e pelo segundo secret\u00e1rio Douglas Ribeiro, marcou presen\u00e7a no evento.<\/span><\/p>\n<p><span style=\"font-weight: 400;\">\u201cA chegada desses novos professores representa n\u00e3o apenas um refor\u00e7o para a qualidade do ensino, mas tamb\u00e9m uma renova\u00e7\u00e3o para a nossa comunidade acad\u00eamica. A doc\u00eancia \u00e9 um desafio di\u00e1rio, mas tamb\u00e9m uma miss\u00e3o nobre, e temos a certeza de que esses profissionais contribuir\u00e3o significativamente para o crescimento da Uema. Espero que os novos colegas se aproximem da Apruema, pois juntos somos mais fortes na defesa dos direitos da categoria e na constru\u00e7\u00e3o de um ambiente universit\u00e1rio mais valorizado e respeitado\u201d, disse Cristovam Filho.<\/span><\/p>\n<p><span style=\"font-weight: 400;\">Al\u00e9m do fortalecimento do quadro de professores da universidade, tamb\u00e9m foi oficializada a expans\u00e3o do Programa Universidade Aberta Intergeracional (UNABI) nos 20 campi da UEMA, oportunizando a inclus\u00e3o de idosos em atividades educacionais. Durante o evento, a superintendente de Concursos e Seletivos (Sucons), Cristiane Pestana, tamb\u00e9m realizou a entrega oficial do resultado do PAES 2025 ao governador.<\/span><\/p>\n<p><span style=\"font-weight: 400;\">O reitor da Uema, Walter Canales, ressaltou a import\u00e2ncia desse momento para a institui\u00e7\u00e3o e para a educa\u00e7\u00e3o superior do estado. \u201cA Uema \u00e9 uma for\u00e7a motriz de transforma\u00e7\u00e3o social e nosso objetivo \u00e9 ampliar as fronteiras do conhecimento, incentivar a pesquisa e formar cidad\u00e3os cr\u00edticos, preparados para transformar o futuro do Maranh\u00e3o\u201d, comentou.<\/span><\/p>\n<p><span style=\"font-weight: 400;\">Para o governador Carlos Brand\u00e3o, a chegada dos novos docentes fortalece o papel da Uema no desenvolvimento do estado. \u201c\u00c9 com grande orgulho que celebramos a nomea\u00e7\u00e3o de 111 novos professores efetivos que v\u00e3o fortalecer ainda mais a educa\u00e7\u00e3o superior no nosso estado. A Uema \u00e9 uma institui\u00e7\u00e3o que carrega consigo o legado de transformar vidas e construir um futuro melhor para o Maranh\u00e3o\u201d, disse.<\/span><\/p>\n<p><img decoding=\"async\" class=\"size-medium wp-image-2983 aligncenter\" src=\"http:\/\/apruema.org.br\/wp-content\/uploads\/2025\/01\/Imagem-do-WhatsApp-de-2025-01-30-as-14.52.14_16aff149-300x200.jpg\" alt=\"\" width=\"300\" height=\"200\" srcset=\"https:\/\/apruema.org.br\/wp-content\/uploads\/2025\/01\/Imagem-do-WhatsApp-de-2025-01-30-as-14.52.14_16aff149-300x200.jpg 300w, https:\/\/apruema.org.br\/wp-content\/uploads\/2025\/01\/Imagem-do-WhatsApp-de-2025-01-30-as-14.52.14_16aff149-1024x682.jpg 1024w, https:\/\/apruema.org.br\/wp-content\/uploads\/2025\/01\/Imagem-do-WhatsApp-de-2025-01-30-as-14.52.14_16aff149-768x512.jpg 768w, https:\/\/apruema.org.br\/wp-content\/uploads\/2025\/01\/Imagem-do-WhatsApp-de-2025-01-30-as-14.52.14_16aff149-150x100.jpg 150w, https:\/\/apruema.org.br\/wp-content\/uploads\/2025\/01\/Imagem-do-WhatsApp-de-2025-01-30-as-14.52.14_16aff149.jpg 1280w\" sizes=\"(max-width: 300px) 100vw, 300px\" \/><\/p>\n<h4><strong>Reconhecimento \u00e0 atua\u00e7\u00e3o da deputada Iracema Vale<\/strong><\/h4>\n<p><span style=\"font-weight: 400;\">Ap\u00f3s a cerim\u00f4nia, o presidente da APRUEMA, Cristovam Filho, fez um cumprimento especial \u00e0 presidente da Assembleia Legislativa, Iracema Vale, em reconhecimento ao seu apoio fundamental na resolu\u00e7\u00e3o da situa\u00e7\u00e3o do conv\u00eanio entre a UEMA e a Funda\u00e7\u00e3o Assefaz. O professor Cristovam agradeceu \u00e0 deputada, destacando sua atua\u00e7\u00e3o direta ao levar o assunto ao conhecimento dos gestores do poder executivo estadual e solicitar uma solu\u00e7\u00e3o que garantisse a continuidade dos benef\u00edcios aos professores e servidores da Uema.<\/span><\/p>\n<p><img decoding=\"async\" class=\"alignnone wp-image-2981 \" src=\"http:\/\/apruema.org.br\/wp-content\/uploads\/2025\/01\/Imagem-do-WhatsApp-de-2025-01-30-as-15.43.20_9a43f740-658x1024.jpg\" alt=\"\" width=\"291\" height=\"453\" srcset=\"https:\/\/apruema.org.br\/wp-content\/uploads\/2025\/01\/Imagem-do-WhatsApp-de-2025-01-30-as-15.43.20_9a43f740-658x1024.jpg 658w, https:\/\/apruema.org.br\/wp-content\/uploads\/2025\/01\/Imagem-do-WhatsApp-de-2025-01-30-as-15.43.20_9a43f740-193x300.jpg 193w, https:\/\/apruema.org.br\/wp-content\/uploads\/2025\/01\/Imagem-do-WhatsApp-de-2025-01-30-as-15.43.20_9a43f740-768x1195.jpg 768w, https:\/\/apruema.org.br\/wp-content\/uploads\/2025\/01\/Imagem-do-WhatsApp-de-2025-01-30-as-15.43.20_9a43f740-987x1536.jpg 987w, https:\/\/apruema.org.br\/wp-content\/uploads\/2025\/01\/Imagem-do-WhatsApp-de-2025-01-30-as-15.43.20_9a43f740-150x233.jpg 150w, https:\/\/apruema.org.br\/wp-content\/uploads\/2025\/01\/Imagem-do-WhatsApp-de-2025-01-30-as-15.43.20_9a43f740.jpg 1028w\" sizes=\"(max-width: 291px) 100vw, 291px\" \/><\/p>\n<p><strong>Por D\u00e9bora Souza<\/strong><\/p>\n<p><strong>Fotos: Luis Paulo Sousa<\/strong><\/p>\n","protected":false},"excerpt":{"rendered":"<p>Ontem(29), aconteceu, no audit\u00f3rio do Centro de Ci\u00eancias Sociais Aplicadas (CCSA), da Universidade Estadual do Maranh\u00e3o (Uema), o ato de nomea\u00e7\u00e3o de 111 novos professores efetivos da institui\u00e7\u00e3o. O documento foi assinado pelo governador\u00a0 Carlos Brand\u00e3o e o reitor da Uema, Walter Canales, al\u00e9m da presidente da Assembleia Legislativa do Maranh\u00e3o, Iracema Vale, que assinou [&hellip;]<\/p>\n","protected":false},"author":3,"featured_media":2982,"comment_status":"closed","ping_status":"closed","sticky":false,"template":"","format":"standard","meta":{"footnotes":""},"categories":[104],"tags":[],"_links":{"self":[{"href":"https:\/\/apruema.org.br\/index.php\/wp-json\/wp\/v2\/posts\/2980"}],"collection":[{"href":"https:\/\/apruema.org.br\/index.php\/wp-json\/wp\/v2\/posts"}],"about":[{"href":"https:\/\/apruema.org.br\/index.php\/wp-json\/wp\/v2\/types\/post"}],"author":[{"embeddable":true,"href":"https:\/\/apruema.org.br\/index.php\/wp-json\/wp\/v2\/users\/3"}],"replies":[{"embeddable":true,"href":"https:\/\/apruema.org.br\/index.php\/wp-json\/wp\/v2\/comments?post=2980"}],"version-history":[{"count":2,"href":"https:\/\/apruema.org.br\/index.php\/wp-json\/wp\/v2\/posts\/2980\/revisions"}],"predecessor-version":[{"id":2985,"href":"https:\/\/apruema.org.br\/index.php\/wp-json\/wp\/v2\/posts\/2980\/revisions\/2985"}],"wp:featuredmedia":[{"embeddable":true,"href":"https:\/\/apruema.org.br\/index.php\/wp-json\/wp\/v2\/media\/2982"}],"wp:attachment":[{"href":"https:\/\/apruema.org.br\/index.php\/wp-json\/wp\/v2\/media?parent=2980"}],"wp:term":[{"taxonomy":"category","embeddable":true,"href":"https:\/\/apruema.org.br\/index.php\/wp-json\/wp\/v2\/categories?post=2980"},{"taxonomy":"post_tag","embeddable":true,"href":"https:\/\/apruema.org.br\/index.php\/wp-json\/wp\/v2\/tags?post=2980"}],"curies":[{"name":"wp","href":"https:\/\/api.w.org\/{rel}","templated":true}]}}