{"id":3112,"date":"2025-06-18T17:04:22","date_gmt":"2025-06-18T20:04:22","guid":{"rendered":"https:\/\/apruema.org.br\/?p=3112"},"modified":"2025-06-18T17:04:22","modified_gmt":"2025-06-18T20:04:22","slug":"apruema-realiza-assembleia-geral-extraordinaria-com-foco-nas-acoes-judiciais-da-urv-e-do-funben","status":"publish","type":"post","link":"https:\/\/apruema.org.br\/index.php\/2025\/06\/18\/apruema-realiza-assembleia-geral-extraordinaria-com-foco-nas-acoes-judiciais-da-urv-e-do-funben\/","title":{"rendered":"Apruema realiza Assembleia Geral Extraordin\u00e1ria com foco nas a\u00e7\u00f5es judiciais da URV e do FUNBEN"},"content":{"rendered":"<p><img fetchpriority=\"high\" decoding=\"async\" class=\"wp-image-3114 aligncenter\" src=\"http:\/\/apruema.org.br\/wp-content\/uploads\/2025\/06\/Imagem-do-WhatsApp-de-2025-06-18-as-16.59.40_3e528a6c-scaled.jpg\" alt=\"\" width=\"587\" height=\"330\" srcset=\"https:\/\/apruema.org.br\/wp-content\/uploads\/2025\/06\/Imagem-do-WhatsApp-de-2025-06-18-as-16.59.40_3e528a6c-scaled.jpg 2560w, https:\/\/apruema.org.br\/wp-content\/uploads\/2025\/06\/Imagem-do-WhatsApp-de-2025-06-18-as-16.59.40_3e528a6c-300x169.jpg 300w, https:\/\/apruema.org.br\/wp-content\/uploads\/2025\/06\/Imagem-do-WhatsApp-de-2025-06-18-as-16.59.40_3e528a6c-1024x576.jpg 1024w, https:\/\/apruema.org.br\/wp-content\/uploads\/2025\/06\/Imagem-do-WhatsApp-de-2025-06-18-as-16.59.40_3e528a6c-768x432.jpg 768w, https:\/\/apruema.org.br\/wp-content\/uploads\/2025\/06\/Imagem-do-WhatsApp-de-2025-06-18-as-16.59.40_3e528a6c-1536x864.jpg 1536w, https:\/\/apruema.org.br\/wp-content\/uploads\/2025\/06\/Imagem-do-WhatsApp-de-2025-06-18-as-16.59.40_3e528a6c-2048x1152.jpg 2048w, https:\/\/apruema.org.br\/wp-content\/uploads\/2025\/06\/Imagem-do-WhatsApp-de-2025-06-18-as-16.59.40_3e528a6c-150x84.jpg 150w\" sizes=\"(max-width: 587px) 100vw, 587px\" \/><\/p>\n<p><span style=\"font-weight: 400;\">Na \u00faltima ter\u00e7a-feira, 17 de junho, a Associa\u00e7\u00e3o dos Professores da Universidade Estadual do Maranh\u00e3o (Apruema) realizou uma Assembleia Geral Extraordin\u00e1ria no audit\u00f3rio do Centro de Ci\u00eancias Exatas e Naturais (CECEN), no Campus Paulo VI, em S\u00e3o Lu\u00eds.<\/span><\/p>\n<p><span style=\"font-weight: 400;\">O encontro reuniu professores associados, membros da diretoria da Apruema e representantes do escrit\u00f3rio jur\u00eddico que presta assessoria \u00e0 associa\u00e7\u00e3o.\u00a0<\/span><\/p>\n<p><span style=\"font-weight: 400;\">O objetivo foi apresentar e discutir o andamento das principais demandas judiciais trabalhistas que envolvem professores da ativa e aposentados, com destaque para os processos da URV (Unidade Real de Valor) e do Fundo de Benef\u00edcios dos Servidores do Estado do Maranh\u00e3o (FUNBEN), referente \u00e0 utiliza\u00e7\u00e3o dos servi\u00e7os do Hospital do Servidor.<\/span><\/p>\n<p><span style=\"font-weight: 400;\">Durante a assembleia, os advogados do escrit\u00f3rio Macieira, Nunes, Zagallo &amp; Advogados Associados, Dr. Zagallo e Dr. Arnaldo, expuseram os detalhes processuais, esclareceram d\u00favidas e orientaram os presentes sobre os pr\u00f3ximos passos de cada processo.\u00a0<\/span><\/p>\n<p><span style=\"font-weight: 400;\">O presidente da Apruema, Cristovam Filho, refor\u00e7ou a import\u00e2ncia da participa\u00e7\u00e3o dos associados nesses momentos de escuta e orienta\u00e7\u00e3o coletiva.<\/span><\/p>\n<p><span style=\"font-weight: 400;\">\u201cNosso papel \u00e9 manter os professores informados, protegidos e amparados diante de processos que impactam diretamente suas vidas. A Apruema seguir\u00e1 acompanhando de perto, com responsabilidade e transpar\u00eancia, para garantir os direitos de cada associado\u201d,<\/span><span style=\"font-weight: 400;\"> disse.<\/span><\/p>\n<p><img decoding=\"async\" class=\"alignnone size-full wp-image-3113\" src=\"http:\/\/apruema.org.br\/wp-content\/uploads\/2025\/06\/Imagem-do-WhatsApp-de-2025-06-18-as-16.59.41_b23d4c1b-scaled.jpg\" alt=\"\" width=\"2560\" height=\"1440\" srcset=\"https:\/\/apruema.org.br\/wp-content\/uploads\/2025\/06\/Imagem-do-WhatsApp-de-2025-06-18-as-16.59.41_b23d4c1b-scaled.jpg 2560w, https:\/\/apruema.org.br\/wp-content\/uploads\/2025\/06\/Imagem-do-WhatsApp-de-2025-06-18-as-16.59.41_b23d4c1b-300x169.jpg 300w, https:\/\/apruema.org.br\/wp-content\/uploads\/2025\/06\/Imagem-do-WhatsApp-de-2025-06-18-as-16.59.41_b23d4c1b-1024x576.jpg 1024w, https:\/\/apruema.org.br\/wp-content\/uploads\/2025\/06\/Imagem-do-WhatsApp-de-2025-06-18-as-16.59.41_b23d4c1b-768x432.jpg 768w, https:\/\/apruema.org.br\/wp-content\/uploads\/2025\/06\/Imagem-do-WhatsApp-de-2025-06-18-as-16.59.41_b23d4c1b-1536x864.jpg 1536w, https:\/\/apruema.org.br\/wp-content\/uploads\/2025\/06\/Imagem-do-WhatsApp-de-2025-06-18-as-16.59.41_b23d4c1b-2048x1152.jpg 2048w, https:\/\/apruema.org.br\/wp-content\/uploads\/2025\/06\/Imagem-do-WhatsApp-de-2025-06-18-as-16.59.41_b23d4c1b-150x84.jpg 150w\" sizes=\"(max-width: 2560px) 100vw, 2560px\" \/><\/p>\n<p><strong>Por D\u00e9bora Souza<\/strong><\/p>\n","protected":false},"excerpt":{"rendered":"<p>Na \u00faltima ter\u00e7a-feira, 17 de junho, a Associa\u00e7\u00e3o dos Professores da Universidade Estadual do Maranh\u00e3o (Apruema) realizou uma Assembleia Geral Extraordin\u00e1ria no audit\u00f3rio do Centro de Ci\u00eancias Exatas e Naturais (CECEN), no Campus Paulo VI, em S\u00e3o Lu\u00eds. O encontro reuniu professores associados, membros da diretoria da Apruema e representantes do escrit\u00f3rio jur\u00eddico que presta [&hellip;]<\/p>\n","protected":false},"author":3,"featured_media":3114,"comment_status":"closed","ping_status":"closed","sticky":false,"template":"","format":"standard","meta":{"footnotes":""},"categories":[104],"tags":[],"_links":{"self":[{"href":"https:\/\/apruema.org.br\/index.php\/wp-json\/wp\/v2\/posts\/3112"}],"collection":[{"href":"https:\/\/apruema.org.br\/index.php\/wp-json\/wp\/v2\/posts"}],"about":[{"href":"https:\/\/apruema.org.br\/index.php\/wp-json\/wp\/v2\/types\/post"}],"author":[{"embeddable":true,"href":"https:\/\/apruema.org.br\/index.php\/wp-json\/wp\/v2\/users\/3"}],"replies":[{"embeddable":true,"href":"https:\/\/apruema.org.br\/index.php\/wp-json\/wp\/v2\/comments?post=3112"}],"version-history":[{"count":1,"href":"https:\/\/apruema.org.br\/index.php\/wp-json\/wp\/v2\/posts\/3112\/revisions"}],"predecessor-version":[{"id":3115,"href":"https:\/\/apruema.org.br\/index.php\/wp-json\/wp\/v2\/posts\/3112\/revisions\/3115"}],"wp:featuredmedia":[{"embeddable":true,"href":"https:\/\/apruema.org.br\/index.php\/wp-json\/wp\/v2\/media\/3114"}],"wp:attachment":[{"href":"https:\/\/apruema.org.br\/index.php\/wp-json\/wp\/v2\/media?parent=3112"}],"wp:term":[{"taxonomy":"category","embeddable":true,"href":"https:\/\/apruema.org.br\/index.php\/wp-json\/wp\/v2\/categories?post=3112"},{"taxonomy":"post_tag","embeddable":true,"href":"https:\/\/apruema.org.br\/index.php\/wp-json\/wp\/v2\/tags?post=3112"}],"curies":[{"name":"wp","href":"https:\/\/api.w.org\/{rel}","templated":true}]}}