{"id":3190,"date":"2025-09-09T16:56:37","date_gmt":"2025-09-09T19:56:37","guid":{"rendered":"https:\/\/apruema.org.br\/?p=3190"},"modified":"2025-09-09T16:56:37","modified_gmt":"2025-09-09T19:56:37","slug":"processo-da-urv-calculos-entregues-e-assembleia-geral-ja-tem-data-marcada","status":"publish","type":"post","link":"https:\/\/apruema.org.br\/index.php\/2025\/09\/09\/processo-da-urv-calculos-entregues-e-assembleia-geral-ja-tem-data-marcada\/","title":{"rendered":"Processo da URV: c\u00e1lculos entregues e Assembleia Geral j\u00e1 tem data marcada"},"content":{"rendered":"<p><img fetchpriority=\"high\" decoding=\"async\" class=\"wp-image-3191 aligncenter\" src=\"http:\/\/apruema.org.br\/wp-content\/uploads\/2025\/09\/Imagem-do-WhatsApp-de-2025-09-09-as-11.55.06_48e74742.jpg\" alt=\"\" width=\"542\" height=\"406\" srcset=\"https:\/\/apruema.org.br\/wp-content\/uploads\/2025\/09\/Imagem-do-WhatsApp-de-2025-09-09-as-11.55.06_48e74742.jpg 1600w, https:\/\/apruema.org.br\/wp-content\/uploads\/2025\/09\/Imagem-do-WhatsApp-de-2025-09-09-as-11.55.06_48e74742-300x225.jpg 300w, https:\/\/apruema.org.br\/wp-content\/uploads\/2025\/09\/Imagem-do-WhatsApp-de-2025-09-09-as-11.55.06_48e74742-1024x768.jpg 1024w, https:\/\/apruema.org.br\/wp-content\/uploads\/2025\/09\/Imagem-do-WhatsApp-de-2025-09-09-as-11.55.06_48e74742-768x576.jpg 768w, https:\/\/apruema.org.br\/wp-content\/uploads\/2025\/09\/Imagem-do-WhatsApp-de-2025-09-09-as-11.55.06_48e74742-1536x1152.jpg 1536w, https:\/\/apruema.org.br\/wp-content\/uploads\/2025\/09\/Imagem-do-WhatsApp-de-2025-09-09-as-11.55.06_48e74742-150x113.jpg 150w\" sizes=\"(max-width: 542px) 100vw, 542px\" \/><\/p>\n<p><span style=\"font-weight: 400;\">Membros da diretoria da Associa\u00e7\u00e3o dos Professores da Universidade Estadual do Maranh\u00e3o (Apruema) se reuniram, nesta ter\u00e7a-feira (9), com os advogados Dr. Jos\u00e9 Guilherme Zagallo e Dr. Arnaldo Vieira, do escrit\u00f3rio Macieira, Nunes, Zagallo &amp; Advogados Associados, para tratar dos ajustes finais na planilha financeira do processo da Unidade Real de Valor (URV), que tramita na 5\u00aa Vara da Fazenda P\u00fablica.<\/span><\/p>\n<p><span style=\"font-weight: 400;\">Al\u00e9m do presidente da Apruema, Cristovam Filho, participaram do encontro o diretor de Rela\u00e7\u00f5es do Trabalho, Manoel Salgado, o diretor de Aposentados, Gerv\u00e1sio Azevedo, e o 1\u00ba tesoureiro, Jorge Heleno Baldez.<\/span><\/p>\n<p><span style=\"font-weight: 400;\">Durante a reuni\u00e3o, o escrit\u00f3rio apresentou \u00e0 diretoria da associa\u00e7\u00e3o a planilha com os c\u00e1lculos dos valores a serem recebidos por cada professor contemplado no processo. A partir de agora, a Apruema iniciar\u00e1 uma nova etapa para garantir transpar\u00eancia e agilidade no andamento da a\u00e7\u00e3o.<\/span><\/p>\n<p><span style=\"font-weight: 400;\">Segundo o presidente Cristovam Filho, as informa\u00e7\u00f5es individuais ser\u00e3o disponibilizadas aos associados em breve. \u201cReunimos com o escrit\u00f3rio jur\u00eddico do doutor Zagallo para tratarmos sobre o processo da URV que est\u00e1 na Quinta Vara. O escrit\u00f3rio entregou a planilha financeira com os c\u00e1lculos dos valores a receber de cada professor. Agora, n\u00f3s, na Apruema, vamos preparar um link no qual vamos disponibilizar para os professores acessarem os seus valores e vamos trabalhar na forma\u00e7\u00e3o dos grupos para darmos entrada na Justi\u00e7a\u201d, explicou.<\/span><\/p>\n<p><span style=\"font-weight: 400;\">Cristovam Filho tamb\u00e9m anunciou a realiza\u00e7\u00e3o de uma Assembleia Geral no dia 25 de setembro, \u00e0s 9h, para esclarecer todos os detalhes aos associados. \u201cVamos fazer uma Assembleia Geral no dia 25 de setembro. Ainda estamos definindo em qual audit\u00f3rio da Uema que vai ser, mas o hor\u00e1rio ser\u00e1 \u00e0s 9 horas. Nesse encontro, n\u00f3s vamos tratar da forma\u00e7\u00e3o dos grupos e dos pagamentos de taxas. Tudo ser\u00e1 esclarecido nesse dia\u201d, afirmou o presidente.<\/span><\/p>\n<p><span style=\"font-weight: 400;\">Nos pr\u00f3ximos dias, a associa\u00e7\u00e3o ir\u00e1 disponibilizar o link para consulta dos valores individuais, al\u00e9m da confirma\u00e7\u00e3o do local da assembleia.<\/span><\/p>\n<p><strong>Por D\u00e9bora Souza<\/strong><\/p>\n","protected":false},"excerpt":{"rendered":"<p>Membros da diretoria da Associa\u00e7\u00e3o dos Professores da Universidade Estadual do Maranh\u00e3o (Apruema) se reuniram, nesta ter\u00e7a-feira (9), com os advogados Dr. Jos\u00e9 Guilherme Zagallo e Dr. Arnaldo Vieira, do escrit\u00f3rio Macieira, Nunes, Zagallo &amp; Advogados Associados, para tratar dos ajustes finais na planilha financeira do processo da Unidade Real de Valor (URV), que tramita [&hellip;]<\/p>\n","protected":false},"author":3,"featured_media":3191,"comment_status":"closed","ping_status":"closed","sticky":false,"template":"","format":"standard","meta":{"footnotes":""},"categories":[104],"tags":[],"_links":{"self":[{"href":"https:\/\/apruema.org.br\/index.php\/wp-json\/wp\/v2\/posts\/3190"}],"collection":[{"href":"https:\/\/apruema.org.br\/index.php\/wp-json\/wp\/v2\/posts"}],"about":[{"href":"https:\/\/apruema.org.br\/index.php\/wp-json\/wp\/v2\/types\/post"}],"author":[{"embeddable":true,"href":"https:\/\/apruema.org.br\/index.php\/wp-json\/wp\/v2\/users\/3"}],"replies":[{"embeddable":true,"href":"https:\/\/apruema.org.br\/index.php\/wp-json\/wp\/v2\/comments?post=3190"}],"version-history":[{"count":1,"href":"https:\/\/apruema.org.br\/index.php\/wp-json\/wp\/v2\/posts\/3190\/revisions"}],"predecessor-version":[{"id":3192,"href":"https:\/\/apruema.org.br\/index.php\/wp-json\/wp\/v2\/posts\/3190\/revisions\/3192"}],"wp:featuredmedia":[{"embeddable":true,"href":"https:\/\/apruema.org.br\/index.php\/wp-json\/wp\/v2\/media\/3191"}],"wp:attachment":[{"href":"https:\/\/apruema.org.br\/index.php\/wp-json\/wp\/v2\/media?parent=3190"}],"wp:term":[{"taxonomy":"category","embeddable":true,"href":"https:\/\/apruema.org.br\/index.php\/wp-json\/wp\/v2\/categories?post=3190"},{"taxonomy":"post_tag","embeddable":true,"href":"https:\/\/apruema.org.br\/index.php\/wp-json\/wp\/v2\/tags?post=3190"}],"curies":[{"name":"wp","href":"https:\/\/api.w.org\/{rel}","templated":true}]}}