{"id":3198,"date":"2025-09-15T19:22:41","date_gmt":"2025-09-15T22:22:41","guid":{"rendered":"https:\/\/apruema.org.br\/?p=3198"},"modified":"2025-09-15T19:27:41","modified_gmt":"2025-09-15T22:27:41","slug":"apruema-convoca-associados-para-entrega-de-documentacao-e-assembleia-geral-sobre-o-processo-da-urv","status":"publish","type":"post","link":"https:\/\/apruema.org.br\/index.php\/2025\/09\/15\/apruema-convoca-associados-para-entrega-de-documentacao-e-assembleia-geral-sobre-o-processo-da-urv\/","title":{"rendered":"Apruema convoca associados para entrega de documenta\u00e7\u00e3o e Assembleia Geral sobre o processo da URV"},"content":{"rendered":"<p><img fetchpriority=\"high\" decoding=\"async\" class=\"wp-image-3202 aligncenter\" src=\"http:\/\/apruema.org.br\/wp-content\/uploads\/2025\/09\/padrao-para-noticias-rede-social-51.png\" alt=\"\" width=\"337\" height=\"421\" srcset=\"https:\/\/apruema.org.br\/wp-content\/uploads\/2025\/09\/padrao-para-noticias-rede-social-51.png 1080w, https:\/\/apruema.org.br\/wp-content\/uploads\/2025\/09\/padrao-para-noticias-rede-social-51-240x300.png 240w, https:\/\/apruema.org.br\/wp-content\/uploads\/2025\/09\/padrao-para-noticias-rede-social-51-819x1024.png 819w, https:\/\/apruema.org.br\/wp-content\/uploads\/2025\/09\/padrao-para-noticias-rede-social-51-768x960.png 768w, https:\/\/apruema.org.br\/wp-content\/uploads\/2025\/09\/padrao-para-noticias-rede-social-51-150x188.png 150w\" sizes=\"(max-width: 337px) 100vw, 337px\" \/><\/p>\n<p><span style=\"font-weight: 400;\">A Associa\u00e7\u00e3o dos Professores da Universidade Estadual do Maranh\u00e3o (Apruema) iniciou, a partir de hoje, 15 de setembro, a fase de entrega da documenta\u00e7\u00e3o relativa ao processo da URV (Unidade Real de Valor), que tramita na 5\u00aa Vara da Fazenda P\u00fablica. O atendimento acontecer\u00e1 no audit\u00f3rio da Apruema, das 9h \u00e0s 15h, at\u00e9 o dia 24 de setembro.<\/span><\/p>\n<p><span style=\"font-weight: 400;\">De acordo com o presidente da Apruema, professor Cristovam Filho, esse \u00e9 um momento fundamental para dar sequ\u00eancia ao processo.<\/span><\/p>\n<p><span style=\"font-weight: 400;\">\u201cEstaremos, a partir das nove da manh\u00e3 at\u00e9 \u00e0s tr\u00eas da tarde, entre os dias 15 e 24 de setembro, no audit\u00f3rio da Apruema, recebendo toda a documenta\u00e7\u00e3o relativa ao processo da URV. Essa documenta\u00e7\u00e3o \u00e9 destinada apenas aos professores que j\u00e1 enviaram suas fichas financeiras para c\u00e1lculo dos valores retroativos, sejam eles da ativa ou aposentados, e que sejam associados da Apruema. No caso dos professores falecidos, com pensionistas, ou n\u00e3o s\u00f3cios da Apruema, esses casos ter\u00e3o tratamento espec\u00edfico no escrit\u00f3rio jur\u00eddico a partir de outubro\u201d, explicou.<\/span><\/p>\n<p><span style=\"font-weight: 400;\">Entre os documentos necess\u00e1rios est\u00e3o: procura\u00e7\u00e3o jur\u00eddica, procura\u00e7\u00e3o de honor\u00e1rios advocat\u00edcios, declara\u00e7\u00e3o econ\u00f4mica (para solicita\u00e7\u00e3o de justi\u00e7a gratuita), al\u00e9m de identidade, CPF e comprovante de resid\u00eancia. No momento da entrega, os professores receber\u00e3o tamb\u00e9m a planilha com os valores retroativos devidamente calculados.<\/span><\/p>\n<p><span style=\"font-weight: 400;\">Al\u00e9m da fase documental, a Apruema realizar\u00e1 uma Assembleia Geral no dia 25 de setembro, \u00e0s 9h, no Campus Paulo VI da Uema, em local que ainda ser\u00e1 definido. Na ocasi\u00e3o, ser\u00e3o discutidos temas centrais relacionados ao processo, como a forma\u00e7\u00e3o dos grupos e as taxas judiciais. O encontro contar\u00e1 com a presen\u00e7a dos advogados do escrit\u00f3rio Macieira, Nunes, Zagallo &amp; Advogados Associados, respons\u00e1veis pela condu\u00e7\u00e3o da a\u00e7\u00e3o.<\/span><\/p>\n<p><span style=\"font-weight: 400;\">O presidente Cristovam refor\u00e7ou a import\u00e2ncia da participa\u00e7\u00e3o coletiva:<\/span><span style=\"font-weight: 400;\"><br \/>\n<\/span><span style=\"font-weight: 400;\"> \u201c\u00c9 na Assembleia que vamos discutir a quest\u00e3o dos valores, tratar das custas judiciais e definir a forma\u00e7\u00e3o dos grupos. Os advogados estar\u00e3o presentes para esclarecer todas as d\u00favidas. Contamos com a presen\u00e7a de todos os professores que est\u00e3o envolvidos nesse processo. Avante!\u201d, destacou.<\/span><\/p>\n<p><strong>Por D\u00e9bora Souza<\/strong><\/p>\n","protected":false},"excerpt":{"rendered":"<p>A Associa\u00e7\u00e3o dos Professores da Universidade Estadual do Maranh\u00e3o (Apruema) iniciou, a partir de hoje, 15 de setembro, a fase de entrega da documenta\u00e7\u00e3o relativa ao processo da URV (Unidade Real de Valor), que tramita na 5\u00aa Vara da Fazenda P\u00fablica. O atendimento acontecer\u00e1 no audit\u00f3rio da Apruema, das 9h \u00e0s 15h, at\u00e9 o dia [&hellip;]<\/p>\n","protected":false},"author":3,"featured_media":3202,"comment_status":"closed","ping_status":"closed","sticky":false,"template":"","format":"standard","meta":{"footnotes":""},"categories":[104],"tags":[],"_links":{"self":[{"href":"https:\/\/apruema.org.br\/index.php\/wp-json\/wp\/v2\/posts\/3198"}],"collection":[{"href":"https:\/\/apruema.org.br\/index.php\/wp-json\/wp\/v2\/posts"}],"about":[{"href":"https:\/\/apruema.org.br\/index.php\/wp-json\/wp\/v2\/types\/post"}],"author":[{"embeddable":true,"href":"https:\/\/apruema.org.br\/index.php\/wp-json\/wp\/v2\/users\/3"}],"replies":[{"embeddable":true,"href":"https:\/\/apruema.org.br\/index.php\/wp-json\/wp\/v2\/comments?post=3198"}],"version-history":[{"count":3,"href":"https:\/\/apruema.org.br\/index.php\/wp-json\/wp\/v2\/posts\/3198\/revisions"}],"predecessor-version":[{"id":3203,"href":"https:\/\/apruema.org.br\/index.php\/wp-json\/wp\/v2\/posts\/3198\/revisions\/3203"}],"wp:featuredmedia":[{"embeddable":true,"href":"https:\/\/apruema.org.br\/index.php\/wp-json\/wp\/v2\/media\/3202"}],"wp:attachment":[{"href":"https:\/\/apruema.org.br\/index.php\/wp-json\/wp\/v2\/media?parent=3198"}],"wp:term":[{"taxonomy":"category","embeddable":true,"href":"https:\/\/apruema.org.br\/index.php\/wp-json\/wp\/v2\/categories?post=3198"},{"taxonomy":"post_tag","embeddable":true,"href":"https:\/\/apruema.org.br\/index.php\/wp-json\/wp\/v2\/tags?post=3198"}],"curies":[{"name":"wp","href":"https:\/\/api.w.org\/{rel}","templated":true}]}}