{"id":3204,"date":"2025-09-17T18:10:27","date_gmt":"2025-09-17T21:10:27","guid":{"rendered":"https:\/\/apruema.org.br\/?p=3204"},"modified":"2025-09-17T18:10:27","modified_gmt":"2025-09-17T21:10:27","slug":"presidente-da-apruema-se-reune-com-professores-no-campus-bacabal-para-tratar-de-processos-judiciais-e-assembleia-geral","status":"publish","type":"post","link":"https:\/\/apruema.org.br\/index.php\/2025\/09\/17\/presidente-da-apruema-se-reune-com-professores-no-campus-bacabal-para-tratar-de-processos-judiciais-e-assembleia-geral\/","title":{"rendered":"Presidente da Apruema se re\u00fane com professores no Campus Bacabal para tratar de processos judiciais e Assembleia Geral"},"content":{"rendered":"<p><img fetchpriority=\"high\" decoding=\"async\" class=\"alignnone  wp-image-3205\" src=\"http:\/\/apruema.org.br\/wp-content\/uploads\/2025\/09\/Imagem-do-WhatsApp-de-2025-09-17-as-17.03.37_ed9e2282.jpg\" alt=\"\" width=\"563\" height=\"472\" srcset=\"https:\/\/apruema.org.br\/wp-content\/uploads\/2025\/09\/Imagem-do-WhatsApp-de-2025-09-17-as-17.03.37_ed9e2282.jpg 960w, https:\/\/apruema.org.br\/wp-content\/uploads\/2025\/09\/Imagem-do-WhatsApp-de-2025-09-17-as-17.03.37_ed9e2282-300x252.jpg 300w, https:\/\/apruema.org.br\/wp-content\/uploads\/2025\/09\/Imagem-do-WhatsApp-de-2025-09-17-as-17.03.37_ed9e2282-768x644.jpg 768w, https:\/\/apruema.org.br\/wp-content\/uploads\/2025\/09\/Imagem-do-WhatsApp-de-2025-09-17-as-17.03.37_ed9e2282-150x126.jpg 150w\" sizes=\"(max-width: 563px) 100vw, 563px\" \/><\/p>\n<p><span style=\"font-weight: 400;\">O presidente da Associa\u00e7\u00e3o dos Professores da Universidade Estadual do Maranh\u00e3o (Apruema), Cristovam Filho, esteve hoje, 17 de setembro, no Campus Bacabal da Uema, onde se reuniu com a diretora Rose Mary Ribeiro e com docentes da unidade para dialogar sobre pautas de interesse da categoria.<\/span><\/p>\n<p><span style=\"font-weight: 400;\">Durante o encontro, foram debatidos os principais processos judiciais que envolvem os professores, como o da Unidade Real de Valor (URV) que tramita tanto na 5\u00aa quanto na 4\u00aa Vara da Fazenda P\u00fablica, al\u00e9m das a\u00e7\u00f5es relacionadas ao FUNBEN, dentre outros.\u00a0<\/span><\/p>\n<p><span style=\"font-weight: 400;\">Na ocasi\u00e3o, tamb\u00e9m foi abordada a proposta salarial apresentada recentemente ao Governo do Maranh\u00e3o pela Apruema.<\/span><\/p>\n<p><span style=\"font-weight: 400;\">Segundo o presidente Cristovam Filho, a reuni\u00e3o foi um momento importante de di\u00e1logo e esclarecimento. \u201cEu estive aqui em Bacabal, com os professores, e tratamos dos assuntos dos nossos processos judiciais: o processo da URV na 5\u00aa Vara, o processo da URV na 4\u00aa Vara, o processo do FUNBEN, dentre outros processos, como o 21,7% e o 21,14%. Tamb\u00e9m conversamos sobre a nossa proposta salarial que entregamos ao governo. Tiramos d\u00favidas, principalmente sobre o processo da URV da Quinta Vara, e foi uma conversa muito proveitosa\u201d, destacou.<\/span><\/p>\n<p><span style=\"font-weight: 400;\">O presidente tamb\u00e9m aproveitou para refor\u00e7ar a import\u00e2ncia da Assembleia Geral Extraordin\u00e1ria, que ser\u00e1 realizada no dia 25 de setembro, em S\u00e3o Lu\u00eds. No encontro, ser\u00e3o esclarecidos pontos cruciais sobre o processo da URV, como as taxas judiciais e a forma\u00e7\u00e3o dos grupos processuais.<\/span><\/p>\n<p><span style=\"font-weight: 400;\">Ele tamb\u00e9m mencionou que os professores do interior ter\u00e3o a oportunidade de acompanhar a Assembleia por meio de transmiss\u00e3o ao vivo disponibilizada pela Apruema.\u201cEnfatizamos que iremos disponibilizar o link de transmiss\u00e3o ao vivo da Assembleia para que os professores do interior tamb\u00e9m participem no dia do evento\u201d, afirmou.<\/span><\/p>\n<p><span style=\"font-weight: 400;\">A a\u00e7\u00e3o em Bacabal faz parte de uma s\u00e9rie de visitas realizadas pela diretoria da Apruema aos campi da Uema, fortalecendo o di\u00e1logo direto com os docentes e garantindo que todos os associados estejam informados sobre o andamento das a\u00e7\u00f5es realizadas pela entidade.<\/span><\/p>\n<p><strong>Por D\u00e9bora Souza<\/strong><\/p>\n","protected":false},"excerpt":{"rendered":"<p>O presidente da Associa\u00e7\u00e3o dos Professores da Universidade Estadual do Maranh\u00e3o (Apruema), Cristovam Filho, esteve hoje, 17 de setembro, no Campus Bacabal da Uema, onde se reuniu com a diretora Rose Mary Ribeiro e com docentes da unidade para dialogar sobre pautas de interesse da categoria. Durante o encontro, foram debatidos os principais processos judiciais [&hellip;]<\/p>\n","protected":false},"author":3,"featured_media":3205,"comment_status":"closed","ping_status":"closed","sticky":false,"template":"","format":"standard","meta":{"footnotes":""},"categories":[104],"tags":[],"_links":{"self":[{"href":"https:\/\/apruema.org.br\/index.php\/wp-json\/wp\/v2\/posts\/3204"}],"collection":[{"href":"https:\/\/apruema.org.br\/index.php\/wp-json\/wp\/v2\/posts"}],"about":[{"href":"https:\/\/apruema.org.br\/index.php\/wp-json\/wp\/v2\/types\/post"}],"author":[{"embeddable":true,"href":"https:\/\/apruema.org.br\/index.php\/wp-json\/wp\/v2\/users\/3"}],"replies":[{"embeddable":true,"href":"https:\/\/apruema.org.br\/index.php\/wp-json\/wp\/v2\/comments?post=3204"}],"version-history":[{"count":1,"href":"https:\/\/apruema.org.br\/index.php\/wp-json\/wp\/v2\/posts\/3204\/revisions"}],"predecessor-version":[{"id":3206,"href":"https:\/\/apruema.org.br\/index.php\/wp-json\/wp\/v2\/posts\/3204\/revisions\/3206"}],"wp:featuredmedia":[{"embeddable":true,"href":"https:\/\/apruema.org.br\/index.php\/wp-json\/wp\/v2\/media\/3205"}],"wp:attachment":[{"href":"https:\/\/apruema.org.br\/index.php\/wp-json\/wp\/v2\/media?parent=3204"}],"wp:term":[{"taxonomy":"category","embeddable":true,"href":"https:\/\/apruema.org.br\/index.php\/wp-json\/wp\/v2\/categories?post=3204"},{"taxonomy":"post_tag","embeddable":true,"href":"https:\/\/apruema.org.br\/index.php\/wp-json\/wp\/v2\/tags?post=3204"}],"curies":[{"name":"wp","href":"https:\/\/api.w.org\/{rel}","templated":true}]}}