{"id":3207,"date":"2025-09-18T16:37:45","date_gmt":"2025-09-18T19:37:45","guid":{"rendered":"https:\/\/apruema.org.br\/?p=3207"},"modified":"2025-09-18T16:38:29","modified_gmt":"2025-09-18T19:38:29","slug":"apruema-convoca-assembleia-geral-extraordinaria-para-tratar-do-processo-da-urv","status":"publish","type":"post","link":"https:\/\/apruema.org.br\/index.php\/2025\/09\/18\/apruema-convoca-assembleia-geral-extraordinaria-para-tratar-do-processo-da-urv\/","title":{"rendered":"Apruema convoca Assembleia Geral Extraordin\u00e1ria para tratar do processo da URV"},"content":{"rendered":"<p><img fetchpriority=\"high\" decoding=\"async\" class=\"alignnone wp-image-3209\" src=\"http:\/\/apruema.org.br\/wp-content\/uploads\/2025\/09\/assembleia3.jpg\" alt=\"\" width=\"510\" height=\"356\" srcset=\"https:\/\/apruema.org.br\/wp-content\/uploads\/2025\/09\/assembleia3.jpg 956w, https:\/\/apruema.org.br\/wp-content\/uploads\/2025\/09\/assembleia3-300x209.jpg 300w, https:\/\/apruema.org.br\/wp-content\/uploads\/2025\/09\/assembleia3-768x536.jpg 768w, https:\/\/apruema.org.br\/wp-content\/uploads\/2025\/09\/assembleia3-150x105.jpg 150w\" sizes=\"(max-width: 510px) 100vw, 510px\" \/><\/p>\n<p><span style=\"font-weight: 400;\">A Associa\u00e7\u00e3o dos Professores da Universidade Estadual do Maranh\u00e3o (Apruema) convoca seus associados para participarem da Assembleia Geral Extraordin\u00e1ria, que ser\u00e1 realizada no dia 25 de setembro (quinta-feira), \u00e0s 9h, em primeira convoca\u00e7\u00e3o, ou \u00e0s 9h30, em segunda e \u00faltima convoca\u00e7\u00e3o. O encontro acontecer\u00e1 no audit\u00f3rio do Curso de Biologia, no Campus Paulo VI, em S\u00e3o Lu\u00eds.<\/span><\/p>\n<p><span style=\"font-weight: 400;\">A pauta central da assembleia ser\u00e1 dedicada ao processo da Unidade Real de Valor (URV), que tramita na 5\u00aa Vara da Fazenda P\u00fablica. Os associados ir\u00e3o deliberar sobre custas judiciais, taxas, honor\u00e1rios advocat\u00edcios e sucumb\u00eancia, al\u00e9m de discutir a forma\u00e7\u00e3o dos grupos processuais, conforme decis\u00e3o judicial.<\/span><\/p>\n<p><span style=\"font-weight: 400;\">A diretoria da Apruema refor\u00e7a que a presen\u00e7a dos professores, ativos e aposentados, \u00e9 essencial para garantir transpar\u00eancia, unidade e fortalecimento das a\u00e7\u00f5es jur\u00eddicas em defesa dos direitos da categoria.<\/span><\/p>\n<p>Confira o documento <a href=\"https:\/\/apruema.org.br\/wp-content\/uploads\/2025\/09\/EDITAL_DE_CONVOCACAO_NC2BA_003_-_2025_assinado.pdf\" class=\"pdfemb-viewer\" style=\"\" data-width=\"max\" data-height=\"max\" data-toolbar=\"bottom\" data-toolbar-fixed=\"off\">edital de convoca\u00e7\u00e3o<\/a><\/p>\n<p><strong>Por D\u00e9bora Souza<\/strong><\/p>\n","protected":false},"excerpt":{"rendered":"<p>A Associa\u00e7\u00e3o dos Professores da Universidade Estadual do Maranh\u00e3o (Apruema) convoca seus associados para participarem da Assembleia Geral Extraordin\u00e1ria, que ser\u00e1 realizada no dia 25 de setembro (quinta-feira), \u00e0s 9h, em primeira convoca\u00e7\u00e3o, ou \u00e0s 9h30, em segunda e \u00faltima convoca\u00e7\u00e3o. O encontro acontecer\u00e1 no audit\u00f3rio do Curso de Biologia, no Campus Paulo VI, em [&hellip;]<\/p>\n","protected":false},"author":3,"featured_media":3209,"comment_status":"closed","ping_status":"closed","sticky":false,"template":"","format":"standard","meta":{"footnotes":""},"categories":[104],"tags":[],"_links":{"self":[{"href":"https:\/\/apruema.org.br\/index.php\/wp-json\/wp\/v2\/posts\/3207"}],"collection":[{"href":"https:\/\/apruema.org.br\/index.php\/wp-json\/wp\/v2\/posts"}],"about":[{"href":"https:\/\/apruema.org.br\/index.php\/wp-json\/wp\/v2\/types\/post"}],"author":[{"embeddable":true,"href":"https:\/\/apruema.org.br\/index.php\/wp-json\/wp\/v2\/users\/3"}],"replies":[{"embeddable":true,"href":"https:\/\/apruema.org.br\/index.php\/wp-json\/wp\/v2\/comments?post=3207"}],"version-history":[{"count":2,"href":"https:\/\/apruema.org.br\/index.php\/wp-json\/wp\/v2\/posts\/3207\/revisions"}],"predecessor-version":[{"id":3211,"href":"https:\/\/apruema.org.br\/index.php\/wp-json\/wp\/v2\/posts\/3207\/revisions\/3211"}],"wp:featuredmedia":[{"embeddable":true,"href":"https:\/\/apruema.org.br\/index.php\/wp-json\/wp\/v2\/media\/3209"}],"wp:attachment":[{"href":"https:\/\/apruema.org.br\/index.php\/wp-json\/wp\/v2\/media?parent=3207"}],"wp:term":[{"taxonomy":"category","embeddable":true,"href":"https:\/\/apruema.org.br\/index.php\/wp-json\/wp\/v2\/categories?post=3207"},{"taxonomy":"post_tag","embeddable":true,"href":"https:\/\/apruema.org.br\/index.php\/wp-json\/wp\/v2\/tags?post=3207"}],"curies":[{"name":"wp","href":"https:\/\/api.w.org\/{rel}","templated":true}]}}