{"id":3221,"date":"2025-09-25T19:16:15","date_gmt":"2025-09-25T22:16:15","guid":{"rendered":"https:\/\/apruema.org.br\/?p=3221"},"modified":"2025-09-25T19:16:15","modified_gmt":"2025-09-25T22:16:15","slug":"assembleia-geral-extraordinaria-define-encaminhamentos-sobre-o-processo-da-urv","status":"publish","type":"post","link":"https:\/\/apruema.org.br\/index.php\/2025\/09\/25\/assembleia-geral-extraordinaria-define-encaminhamentos-sobre-o-processo-da-urv\/","title":{"rendered":"Assembleia Geral Extraordin\u00e1ria define encaminhamentos sobre o processo da URV"},"content":{"rendered":"<p><img fetchpriority=\"high\" decoding=\"async\" class=\"wp-image-3227 aligncenter\" src=\"http:\/\/apruema.org.br\/wp-content\/uploads\/2025\/09\/IMG-20250925-WA0012-scaled.jpg\" alt=\"\" width=\"640\" height=\"360\" srcset=\"https:\/\/apruema.org.br\/wp-content\/uploads\/2025\/09\/IMG-20250925-WA0012-scaled.jpg 2560w, https:\/\/apruema.org.br\/wp-content\/uploads\/2025\/09\/IMG-20250925-WA0012-300x169.jpg 300w, https:\/\/apruema.org.br\/wp-content\/uploads\/2025\/09\/IMG-20250925-WA0012-1024x576.jpg 1024w, https:\/\/apruema.org.br\/wp-content\/uploads\/2025\/09\/IMG-20250925-WA0012-768x432.jpg 768w, https:\/\/apruema.org.br\/wp-content\/uploads\/2025\/09\/IMG-20250925-WA0012-1536x864.jpg 1536w, https:\/\/apruema.org.br\/wp-content\/uploads\/2025\/09\/IMG-20250925-WA0012-2048x1152.jpg 2048w, https:\/\/apruema.org.br\/wp-content\/uploads\/2025\/09\/IMG-20250925-WA0012-150x84.jpg 150w\" sizes=\"(max-width: 640px) 100vw, 640px\" \/><\/p>\n<p><span style=\"font-weight: 400;\">A Associa\u00e7\u00e3o dos Professores da Universidade Estadual do Maranh\u00e3o (Apruema) realizou, nesta quinta-feira (25), uma Assembleia Geral Extraordin\u00e1ria que reuniu um n\u00famero expressivo de professores associados no audit\u00f3rio do Curso de Biologia, no Campus Paulo VI. O encontro tamb\u00e9m contou com participa\u00e7\u00e3o on-line de v\u00e1rios professores.<\/span><\/p>\n<p><span style=\"font-weight: 400;\">O ponto central da assembleia foi o processo da Unidade Real de Valor (URV), que tramita na 5\u00aa Vara da Fazenda P\u00fablica. Na ocasi\u00e3o, foram apresentados e debatidos os temas relacionados \u00e0s custas judiciais, taxas, honor\u00e1rios advocat\u00edcios e a forma\u00e7\u00e3o dos grupos processuais, conforme decis\u00e3o judicial.<\/span><\/p>\n<p><span style=\"font-weight: 400;\">A mesa diretora dos trabalhos foi composta pelo presidente da Apruema, Cristovam Filho, acompanhado do vice-presidente Iran Passos, dos advogados Dr. Jos\u00e9 Guilherme Zagallo e Dr. Arnaldo Vieira, do escrit\u00f3rio Macieira, Nunes, Zagallo &amp; Advogados Associados, al\u00e9m dos membros da diretoria da Apruema: o diretor de Aposentados Gerv\u00e1sio Azevedo, o diretor de Rela\u00e7\u00f5es do Trabalho Manoel Salgado e o segundo secret\u00e1rio Douglas Ribeiro.<\/span><\/p>\n<p><span style=\"font-weight: 400;\">O presidente Cristovam Filho destacou que todas as quest\u00f5es foram amplamente esclarecidas, refor\u00e7ando a import\u00e2ncia da transpar\u00eancia e da participa\u00e7\u00e3o coletiva no processo.<\/span><\/p>\n<p><span style=\"font-weight: 400;\">\u201cForam feitos todos os esclarecimentos com rela\u00e7\u00e3o \u00e0 quest\u00e3o de honor\u00e1rios, das taxas e das custas judiciais, e tamb\u00e9m sobre a forma\u00e7\u00e3o dos grupos. E ficou decidido da seguinte forma: ser\u00e1 feito o grupo de quem quer pagar \u00e0 vista, de quem quer pagar parcelado e de quem quer optar pela justi\u00e7a gratuita. E dentro de cada grupo desses, ser\u00e3o formados subgrupos das prioridades. Primeiramente, \u00e9 o grupo de 60+ e 80+. Tamb\u00e9m o grupo por campus, ou seja, por cada local do interior, e os demais ser\u00e3o formados grupos por ordem alfab\u00e9tica\u201d, explicou o presidente.<\/span><\/p>\n<p><span style=\"font-weight: 400;\">Cristovam Filho ressaltou ainda que os casos de professores n\u00e3o associados e de representantes de falecidos ser\u00e3o tratados diretamente no escrit\u00f3rio jur\u00eddico a partir do dia 10 de outubro, em reuni\u00f5es espec\u00edficas que ter\u00e3o sua programa\u00e7\u00e3o divulgada previamente.<\/span><\/p>\n<p><span style=\"font-weight: 400;\">Outro ponto enfatizado foi a forma de pagamento das custas processuais, que ser\u00e1 organizada pela pr\u00f3pria Apruema. \u201cA Apruema vai avisar o momento exato em que deve ser realizado o pagamento das custas. Vai, inclusive, explicar como ser\u00e1 essa log\u00edstica, de como o professor vai fazer o pagamento na hora em que os advogados forem dar entrada nos processos judiciais.Ser\u00e1 emitido um boleto para o grupo formado pagar. N\u00f3s da Apruema \u00e9 que vamos encaminhar para os professores essa informa\u00e7\u00e3o, ent\u00e3o eles n\u00e3o devem atender solicita\u00e7\u00e3o de pagamento de advogado nenhum feita de outra forma. N\u00f3s \u00e9 que iremos mediar isso para evitar golpes\u201d, destacou.<\/span><\/p>\n<p><img decoding=\"async\" class=\"alignnone  wp-image-3222\" src=\"http:\/\/apruema.org.br\/wp-content\/uploads\/2025\/09\/IMG-20250925-WA0017-scaled.jpg\" alt=\"\" width=\"621\" height=\"349\" srcset=\"https:\/\/apruema.org.br\/wp-content\/uploads\/2025\/09\/IMG-20250925-WA0017-scaled.jpg 2560w, https:\/\/apruema.org.br\/wp-content\/uploads\/2025\/09\/IMG-20250925-WA0017-300x169.jpg 300w, https:\/\/apruema.org.br\/wp-content\/uploads\/2025\/09\/IMG-20250925-WA0017-1024x576.jpg 1024w, https:\/\/apruema.org.br\/wp-content\/uploads\/2025\/09\/IMG-20250925-WA0017-768x432.jpg 768w, https:\/\/apruema.org.br\/wp-content\/uploads\/2025\/09\/IMG-20250925-WA0017-1536x864.jpg 1536w, https:\/\/apruema.org.br\/wp-content\/uploads\/2025\/09\/IMG-20250925-WA0017-2048x1152.jpg 2048w, https:\/\/apruema.org.br\/wp-content\/uploads\/2025\/09\/IMG-20250925-WA0017-150x84.jpg 150w\" sizes=\"(max-width: 621px) 100vw, 621px\" \/><\/p>\n<p><img decoding=\"async\" class=\"alignnone  wp-image-3228\" src=\"http:\/\/apruema.org.br\/wp-content\/uploads\/2025\/09\/Imagem-do-WhatsApp-de-2025-09-25-as-16.04.10_15d74606.jpg\" alt=\"\" width=\"619\" height=\"464\" srcset=\"https:\/\/apruema.org.br\/wp-content\/uploads\/2025\/09\/Imagem-do-WhatsApp-de-2025-09-25-as-16.04.10_15d74606.jpg 1600w, https:\/\/apruema.org.br\/wp-content\/uploads\/2025\/09\/Imagem-do-WhatsApp-de-2025-09-25-as-16.04.10_15d74606-300x225.jpg 300w, https:\/\/apruema.org.br\/wp-content\/uploads\/2025\/09\/Imagem-do-WhatsApp-de-2025-09-25-as-16.04.10_15d74606-1024x768.jpg 1024w, https:\/\/apruema.org.br\/wp-content\/uploads\/2025\/09\/Imagem-do-WhatsApp-de-2025-09-25-as-16.04.10_15d74606-768x576.jpg 768w, https:\/\/apruema.org.br\/wp-content\/uploads\/2025\/09\/Imagem-do-WhatsApp-de-2025-09-25-as-16.04.10_15d74606-1536x1152.jpg 1536w, https:\/\/apruema.org.br\/wp-content\/uploads\/2025\/09\/Imagem-do-WhatsApp-de-2025-09-25-as-16.04.10_15d74606-150x113.jpg 150w\" sizes=\"(max-width: 619px) 100vw, 619px\" \/><\/p>\n<p><img loading=\"lazy\" decoding=\"async\" class=\"alignnone  wp-image-3223\" src=\"http:\/\/apruema.org.br\/wp-content\/uploads\/2025\/09\/IMG-20250925-WA0018-scaled.jpg\" alt=\"\" width=\"623\" height=\"350\" srcset=\"https:\/\/apruema.org.br\/wp-content\/uploads\/2025\/09\/IMG-20250925-WA0018-scaled.jpg 2560w, https:\/\/apruema.org.br\/wp-content\/uploads\/2025\/09\/IMG-20250925-WA0018-300x169.jpg 300w, https:\/\/apruema.org.br\/wp-content\/uploads\/2025\/09\/IMG-20250925-WA0018-1024x576.jpg 1024w, https:\/\/apruema.org.br\/wp-content\/uploads\/2025\/09\/IMG-20250925-WA0018-768x432.jpg 768w, https:\/\/apruema.org.br\/wp-content\/uploads\/2025\/09\/IMG-20250925-WA0018-1536x864.jpg 1536w, https:\/\/apruema.org.br\/wp-content\/uploads\/2025\/09\/IMG-20250925-WA0018-2048x1152.jpg 2048w, https:\/\/apruema.org.br\/wp-content\/uploads\/2025\/09\/IMG-20250925-WA0018-150x84.jpg 150w\" sizes=\"(max-width: 623px) 100vw, 623px\" \/><\/p>\n<p><img loading=\"lazy\" decoding=\"async\" class=\"alignnone  wp-image-3224\" src=\"http:\/\/apruema.org.br\/wp-content\/uploads\/2025\/09\/IMG-20250925-WA0016-scaled.jpg\" alt=\"\" width=\"621\" height=\"349\" srcset=\"https:\/\/apruema.org.br\/wp-content\/uploads\/2025\/09\/IMG-20250925-WA0016-scaled.jpg 2560w, https:\/\/apruema.org.br\/wp-content\/uploads\/2025\/09\/IMG-20250925-WA0016-300x169.jpg 300w, https:\/\/apruema.org.br\/wp-content\/uploads\/2025\/09\/IMG-20250925-WA0016-1024x576.jpg 1024w, https:\/\/apruema.org.br\/wp-content\/uploads\/2025\/09\/IMG-20250925-WA0016-768x432.jpg 768w, https:\/\/apruema.org.br\/wp-content\/uploads\/2025\/09\/IMG-20250925-WA0016-1536x864.jpg 1536w, https:\/\/apruema.org.br\/wp-content\/uploads\/2025\/09\/IMG-20250925-WA0016-2048x1152.jpg 2048w, https:\/\/apruema.org.br\/wp-content\/uploads\/2025\/09\/IMG-20250925-WA0016-150x84.jpg 150w\" sizes=\"(max-width: 621px) 100vw, 621px\" \/><\/p>\n<p><img loading=\"lazy\" decoding=\"async\" class=\"alignnone  wp-image-3226\" src=\"http:\/\/apruema.org.br\/wp-content\/uploads\/2025\/09\/IMG-20250925-WA0014-scaled.jpg\" alt=\"\" width=\"621\" height=\"349\" srcset=\"https:\/\/apruema.org.br\/wp-content\/uploads\/2025\/09\/IMG-20250925-WA0014-scaled.jpg 2560w, https:\/\/apruema.org.br\/wp-content\/uploads\/2025\/09\/IMG-20250925-WA0014-300x169.jpg 300w, https:\/\/apruema.org.br\/wp-content\/uploads\/2025\/09\/IMG-20250925-WA0014-1024x576.jpg 1024w, https:\/\/apruema.org.br\/wp-content\/uploads\/2025\/09\/IMG-20250925-WA0014-768x432.jpg 768w, https:\/\/apruema.org.br\/wp-content\/uploads\/2025\/09\/IMG-20250925-WA0014-1536x864.jpg 1536w, https:\/\/apruema.org.br\/wp-content\/uploads\/2025\/09\/IMG-20250925-WA0014-2048x1152.jpg 2048w, https:\/\/apruema.org.br\/wp-content\/uploads\/2025\/09\/IMG-20250925-WA0014-150x84.jpg 150w\" sizes=\"(max-width: 621px) 100vw, 621px\" \/><\/p>\n<p><img loading=\"lazy\" decoding=\"async\" class=\"alignnone  wp-image-3229\" src=\"http:\/\/apruema.org.br\/wp-content\/uploads\/2025\/09\/Imagem-do-WhatsApp-de-2025-09-25-as-16.03.13_469c9382.jpg\" alt=\"\" width=\"624\" height=\"468\" srcset=\"https:\/\/apruema.org.br\/wp-content\/uploads\/2025\/09\/Imagem-do-WhatsApp-de-2025-09-25-as-16.03.13_469c9382.jpg 1600w, https:\/\/apruema.org.br\/wp-content\/uploads\/2025\/09\/Imagem-do-WhatsApp-de-2025-09-25-as-16.03.13_469c9382-300x225.jpg 300w, https:\/\/apruema.org.br\/wp-content\/uploads\/2025\/09\/Imagem-do-WhatsApp-de-2025-09-25-as-16.03.13_469c9382-1024x768.jpg 1024w, https:\/\/apruema.org.br\/wp-content\/uploads\/2025\/09\/Imagem-do-WhatsApp-de-2025-09-25-as-16.03.13_469c9382-768x576.jpg 768w, https:\/\/apruema.org.br\/wp-content\/uploads\/2025\/09\/Imagem-do-WhatsApp-de-2025-09-25-as-16.03.13_469c9382-1536x1152.jpg 1536w, https:\/\/apruema.org.br\/wp-content\/uploads\/2025\/09\/Imagem-do-WhatsApp-de-2025-09-25-as-16.03.13_469c9382-150x113.jpg 150w\" sizes=\"(max-width: 624px) 100vw, 624px\" \/><\/p>\n<p>&nbsp;<\/p>\n<p><strong>Por D\u00e9bora Souza<\/strong><\/p>\n","protected":false},"excerpt":{"rendered":"<p>A Associa\u00e7\u00e3o dos Professores da Universidade Estadual do Maranh\u00e3o (Apruema) realizou, nesta quinta-feira (25), uma Assembleia Geral Extraordin\u00e1ria que reuniu um n\u00famero expressivo de professores associados no audit\u00f3rio do Curso de Biologia, no Campus Paulo VI. O encontro tamb\u00e9m contou com participa\u00e7\u00e3o on-line de v\u00e1rios professores. O ponto central da assembleia foi o processo da [&hellip;]<\/p>\n","protected":false},"author":3,"featured_media":3225,"comment_status":"closed","ping_status":"closed","sticky":false,"template":"","format":"standard","meta":{"footnotes":""},"categories":[104],"tags":[],"_links":{"self":[{"href":"https:\/\/apruema.org.br\/index.php\/wp-json\/wp\/v2\/posts\/3221"}],"collection":[{"href":"https:\/\/apruema.org.br\/index.php\/wp-json\/wp\/v2\/posts"}],"about":[{"href":"https:\/\/apruema.org.br\/index.php\/wp-json\/wp\/v2\/types\/post"}],"author":[{"embeddable":true,"href":"https:\/\/apruema.org.br\/index.php\/wp-json\/wp\/v2\/users\/3"}],"replies":[{"embeddable":true,"href":"https:\/\/apruema.org.br\/index.php\/wp-json\/wp\/v2\/comments?post=3221"}],"version-history":[{"count":1,"href":"https:\/\/apruema.org.br\/index.php\/wp-json\/wp\/v2\/posts\/3221\/revisions"}],"predecessor-version":[{"id":3230,"href":"https:\/\/apruema.org.br\/index.php\/wp-json\/wp\/v2\/posts\/3221\/revisions\/3230"}],"wp:featuredmedia":[{"embeddable":true,"href":"https:\/\/apruema.org.br\/index.php\/wp-json\/wp\/v2\/media\/3225"}],"wp:attachment":[{"href":"https:\/\/apruema.org.br\/index.php\/wp-json\/wp\/v2\/media?parent=3221"}],"wp:term":[{"taxonomy":"category","embeddable":true,"href":"https:\/\/apruema.org.br\/index.php\/wp-json\/wp\/v2\/categories?post=3221"},{"taxonomy":"post_tag","embeddable":true,"href":"https:\/\/apruema.org.br\/index.php\/wp-json\/wp\/v2\/tags?post=3221"}],"curies":[{"name":"wp","href":"https:\/\/api.w.org\/{rel}","templated":true}]}}