{"id":3232,"date":"2025-09-29T11:14:01","date_gmt":"2025-09-29T14:14:01","guid":{"rendered":"https:\/\/apruema.org.br\/?p=3232"},"modified":"2025-09-29T12:43:00","modified_gmt":"2025-09-29T15:43:00","slug":"nota-de-pesar-2","status":"publish","type":"post","link":"https:\/\/apruema.org.br\/index.php\/2025\/09\/29\/nota-de-pesar-2\/","title":{"rendered":"NOTA DE PESAR &#8211; Prof. Anselmo Baganha Raposo"},"content":{"rendered":"<p><img fetchpriority=\"high\" decoding=\"async\" class=\"wp-image-3235 aligncenter\" src=\"http:\/\/apruema.org.br\/wp-content\/uploads\/2025\/09\/padrao-para-noticias-rede-social-46.png\" alt=\"\" width=\"448\" height=\"560\" srcset=\"https:\/\/apruema.org.br\/wp-content\/uploads\/2025\/09\/padrao-para-noticias-rede-social-46.png 1080w, https:\/\/apruema.org.br\/wp-content\/uploads\/2025\/09\/padrao-para-noticias-rede-social-46-240x300.png 240w, https:\/\/apruema.org.br\/wp-content\/uploads\/2025\/09\/padrao-para-noticias-rede-social-46-819x1024.png 819w, https:\/\/apruema.org.br\/wp-content\/uploads\/2025\/09\/padrao-para-noticias-rede-social-46-768x960.png 768w, https:\/\/apruema.org.br\/wp-content\/uploads\/2025\/09\/padrao-para-noticias-rede-social-46-150x188.png 150w\" sizes=\"(max-width: 448px) 100vw, 448px\" \/><\/p>\n<p>A Associa\u00e7\u00e3o dos Professores da UEMA (APRUEMA) vem, em nome da sua Diretoria, informar sobre o falecimento do professor Anselmo Baganha Raposo, do Centro de Educa\u00e7\u00e3o, Ci\u00eancias Exatas e Naturais (CECEN) da UEMA, ocorrido hoje, dia 29 de setembro, aqui em S\u00e3o Lu\u00eds.<\/p>\n<p>O professor Anselmo Raposo, como era mais conhecido no meio acad\u00eamico da UEMA, era graduado em Ci\u00eancias Econ\u00f4micas, Bacharel em Direito e Mestre em Administra\u00e7\u00e3o, tendo deixado uma importante contribui\u00e7\u00e3o para a educa\u00e7\u00e3o do Maranh\u00e3o e, em especial, para a doc\u00eancia superior da Universidade Estadual do Maranh\u00e3o.<\/p>\n<p>Ao longo de sua carreira profissional, ocupou cargos de grande relev\u00e2ncia no estado do Maranh\u00e3o, como o de Secret\u00e1rio Estadual de Educa\u00e7\u00e3o em 2010. Na UEMA, ocupou os cargos de Diretor do CECEN e Pr\u00f3-Reitor de Pesquisa e P\u00f3s-Gradua\u00e7\u00e3o (PPG) da UEMA.<\/p>\n<p>Neste momento de muita tristeza e dor, a dire\u00e7\u00e3o da APRUEMA se solidariza com seus familiares, amigos, colegas de profiss\u00e3o e alunos, reconhecendo sua valiosa contribui\u00e7\u00e3o \u00e0 educa\u00e7\u00e3o, \u00e0 pesquisa e ao servi\u00e7o p\u00fablico de um modo geral.<\/p>\n<p style=\"text-align: center;\">S\u00e3o Lu\u00eds (MA), 29 de setembro de 2025.<\/p>\n<p style=\"text-align: center;\">A\u00a0DIRETORIA<\/p>\n<p>&nbsp;<\/p>\n<p data-start=\"198\" data-end=\"266\"><strong data-start=\"202\" data-end=\"264\">Vel\u00f3rio e Sepultamento do Professor Anselmo Baganha Raposo<\/strong><\/p>\n<p data-start=\"268\" data-end=\"519\">Informamos ainda que o vel\u00f3rio do professor Anselmo Baganha Raposo ter\u00e1 in\u00edcio \u00e0s 15h desta segunda-feira (29), no PAX Uni\u00e3o \u2013 Centro de S\u00e3o Lu\u00eds.<\/p>\n<p data-start=\"521\" data-end=\"627\">O <strong data-start=\"523\" data-end=\"539\">sepultamento<\/strong> acontecer\u00e1 amanh\u00e3, <strong data-start=\"559\" data-end=\"584\">30 de setembro, \u00e0s 9h<\/strong>, no <strong data-start=\"589\" data-end=\"624\">Memorial PAX, em Pa\u00e7o do Lumiar<\/strong>.<\/p>\n<p data-start=\"629\" data-end=\"779\">Convidamos familiares, amigos e colegas professores a se unirem nesse momento de despedida e prestarem sua \u00faltima homenagem a este estimado docente.<\/p>\n","protected":false},"excerpt":{"rendered":"<p>A Associa\u00e7\u00e3o dos Professores da UEMA (APRUEMA) vem, em nome da sua Diretoria, informar sobre o falecimento do professor Anselmo Baganha Raposo, do Centro de Educa\u00e7\u00e3o, Ci\u00eancias Exatas e Naturais (CECEN) da UEMA, ocorrido hoje, dia 29 de setembro, aqui em S\u00e3o Lu\u00eds. O professor Anselmo Raposo, como era mais conhecido no meio acad\u00eamico da [&hellip;]<\/p>\n","protected":false},"author":1,"featured_media":3235,"comment_status":"closed","ping_status":"closed","sticky":false,"template":"","format":"standard","meta":{"footnotes":""},"categories":[107,104],"tags":[],"_links":{"self":[{"href":"https:\/\/apruema.org.br\/index.php\/wp-json\/wp\/v2\/posts\/3232"}],"collection":[{"href":"https:\/\/apruema.org.br\/index.php\/wp-json\/wp\/v2\/posts"}],"about":[{"href":"https:\/\/apruema.org.br\/index.php\/wp-json\/wp\/v2\/types\/post"}],"author":[{"embeddable":true,"href":"https:\/\/apruema.org.br\/index.php\/wp-json\/wp\/v2\/users\/1"}],"replies":[{"embeddable":true,"href":"https:\/\/apruema.org.br\/index.php\/wp-json\/wp\/v2\/comments?post=3232"}],"version-history":[{"count":4,"href":"https:\/\/apruema.org.br\/index.php\/wp-json\/wp\/v2\/posts\/3232\/revisions"}],"predecessor-version":[{"id":3238,"href":"https:\/\/apruema.org.br\/index.php\/wp-json\/wp\/v2\/posts\/3232\/revisions\/3238"}],"wp:featuredmedia":[{"embeddable":true,"href":"https:\/\/apruema.org.br\/index.php\/wp-json\/wp\/v2\/media\/3235"}],"wp:attachment":[{"href":"https:\/\/apruema.org.br\/index.php\/wp-json\/wp\/v2\/media?parent=3232"}],"wp:term":[{"taxonomy":"category","embeddable":true,"href":"https:\/\/apruema.org.br\/index.php\/wp-json\/wp\/v2\/categories?post=3232"},{"taxonomy":"post_tag","embeddable":true,"href":"https:\/\/apruema.org.br\/index.php\/wp-json\/wp\/v2\/tags?post=3232"}],"curies":[{"name":"wp","href":"https:\/\/api.w.org\/{rel}","templated":true}]}}