{"id":3258,"date":"2025-10-08T16:43:41","date_gmt":"2025-10-08T19:43:41","guid":{"rendered":"https:\/\/apruema.org.br\/?p=3258"},"modified":"2025-10-08T16:43:41","modified_gmt":"2025-10-08T19:43:41","slug":"momento-de-bem-estar-na-apruema-promove-dias-de-relaxamento-e-cuidado-para-professores-e-servidores","status":"publish","type":"post","link":"https:\/\/apruema.org.br\/index.php\/2025\/10\/08\/momento-de-bem-estar-na-apruema-promove-dias-de-relaxamento-e-cuidado-para-professores-e-servidores\/","title":{"rendered":"Momento de Bem-Estar na Apruema promove dias de relaxamento e cuidado para professores e servidores"},"content":{"rendered":"<p><img fetchpriority=\"high\" decoding=\"async\" class=\"wp-image-3262 aligncenter\" src=\"http:\/\/apruema.org.br\/wp-content\/uploads\/2025\/10\/Imagem-do-WhatsApp-de-2025-10-08-as-16.39.52_f734f160.jpg\" alt=\"\" width=\"422\" height=\"316\" srcset=\"https:\/\/apruema.org.br\/wp-content\/uploads\/2025\/10\/Imagem-do-WhatsApp-de-2025-10-08-as-16.39.52_f734f160.jpg 1280w, https:\/\/apruema.org.br\/wp-content\/uploads\/2025\/10\/Imagem-do-WhatsApp-de-2025-10-08-as-16.39.52_f734f160-300x225.jpg 300w, https:\/\/apruema.org.br\/wp-content\/uploads\/2025\/10\/Imagem-do-WhatsApp-de-2025-10-08-as-16.39.52_f734f160-1024x768.jpg 1024w, https:\/\/apruema.org.br\/wp-content\/uploads\/2025\/10\/Imagem-do-WhatsApp-de-2025-10-08-as-16.39.52_f734f160-768x576.jpg 768w, https:\/\/apruema.org.br\/wp-content\/uploads\/2025\/10\/Imagem-do-WhatsApp-de-2025-10-08-as-16.39.52_f734f160-150x113.jpg 150w\" sizes=\"(max-width: 422px) 100vw, 422px\" \/><\/p>\n<p><span style=\"font-weight: 400;\">A Associa\u00e7\u00e3o dos Professores da Universidade Estadual do Maranh\u00e3o (Apruema) realizou, entre os dias 6 e 8 de outubro, o evento \u201cMomento de Bem-Estar\u201d, uma iniciativa voltada \u00e0 promo\u00e7\u00e3o da sa\u00fade, do autocuidado e da qualidade de vida dos professores e servidores da Uema.<\/span><\/p>\n<p><span style=\"font-weight: 400;\">A a\u00e7\u00e3o, que ocorreu no audit\u00f3rio da Apruema, foi realizada em parceria com a FisioEda Aparelhos M\u00e9dicos e Fisioter\u00e1picos, empresa especializada em equipamentos de fisioterapia e bem-estar.<\/span><\/p>\n<p><span style=\"font-weight: 400;\">Durante os tr\u00eas dias de atividades, os participantes puderam usufruir de massagens relaxantes, drenagem linf\u00e1tica, reflexologia plantar, aferi\u00e7\u00e3o de press\u00e3o arterial, al\u00e9m de demonstra\u00e7\u00f5es de equipamentos voltados ao al\u00edvio de tens\u00f5es musculares e combate ao sedentarismo.<\/span><\/p>\n<p><span style=\"font-weight: 400;\">O evento fez parte da programa\u00e7\u00e3o especial em homenagem ao Dia dos Professores e buscou proporcionar um momento de descanso e valoriza\u00e7\u00e3o para quem se dedica diariamente ao ensino e \u00e0 forma\u00e7\u00e3o acad\u00eamica.<\/span><\/p>\n<p><span style=\"font-weight: 400;\">O presidente da Apruema, Cristovam Filho, destacou a import\u00e2ncia da a\u00e7\u00e3o como parte das iniciativas voltadas ao bem-estar dos associados:<\/span><\/p>\n<p><span style=\"font-weight: 400;\">\u201cDurante esses dias, professores e servidores tiveram a oportunidade de relaxar, cuidar da sa\u00fade e renovar as energias. A Apruema segue comprometida em valorizar e promover o bem-estar de todos os seus associados\u201d, afirmou.<\/span><\/p>\n<p><img decoding=\"async\" class=\"alignnone  wp-image-3259\" src=\"http:\/\/apruema.org.br\/wp-content\/uploads\/2025\/10\/Imagem-do-WhatsApp-de-2025-10-08-as-16.39.52_4f077867.jpg\" alt=\"\" width=\"494\" height=\"370\" srcset=\"https:\/\/apruema.org.br\/wp-content\/uploads\/2025\/10\/Imagem-do-WhatsApp-de-2025-10-08-as-16.39.52_4f077867.jpg 1280w, https:\/\/apruema.org.br\/wp-content\/uploads\/2025\/10\/Imagem-do-WhatsApp-de-2025-10-08-as-16.39.52_4f077867-300x225.jpg 300w, https:\/\/apruema.org.br\/wp-content\/uploads\/2025\/10\/Imagem-do-WhatsApp-de-2025-10-08-as-16.39.52_4f077867-1024x768.jpg 1024w, https:\/\/apruema.org.br\/wp-content\/uploads\/2025\/10\/Imagem-do-WhatsApp-de-2025-10-08-as-16.39.52_4f077867-768x576.jpg 768w, https:\/\/apruema.org.br\/wp-content\/uploads\/2025\/10\/Imagem-do-WhatsApp-de-2025-10-08-as-16.39.52_4f077867-150x113.jpg 150w\" sizes=\"(max-width: 494px) 100vw, 494px\" \/><\/p>\n<p><img decoding=\"async\" class=\"alignnone  wp-image-3261\" src=\"http:\/\/apruema.org.br\/wp-content\/uploads\/2025\/10\/Imagem-do-WhatsApp-de-2025-10-08-as-16.39.52_f1f37bd4.jpg\" alt=\"\" width=\"495\" height=\"372\" srcset=\"https:\/\/apruema.org.br\/wp-content\/uploads\/2025\/10\/Imagem-do-WhatsApp-de-2025-10-08-as-16.39.52_f1f37bd4.jpg 1280w, https:\/\/apruema.org.br\/wp-content\/uploads\/2025\/10\/Imagem-do-WhatsApp-de-2025-10-08-as-16.39.52_f1f37bd4-300x225.jpg 300w, https:\/\/apruema.org.br\/wp-content\/uploads\/2025\/10\/Imagem-do-WhatsApp-de-2025-10-08-as-16.39.52_f1f37bd4-1024x768.jpg 1024w, https:\/\/apruema.org.br\/wp-content\/uploads\/2025\/10\/Imagem-do-WhatsApp-de-2025-10-08-as-16.39.52_f1f37bd4-768x576.jpg 768w, https:\/\/apruema.org.br\/wp-content\/uploads\/2025\/10\/Imagem-do-WhatsApp-de-2025-10-08-as-16.39.52_f1f37bd4-150x113.jpg 150w\" sizes=\"(max-width: 495px) 100vw, 495px\" \/><\/p>\n<p><img loading=\"lazy\" decoding=\"async\" class=\"alignnone  wp-image-3260\" src=\"http:\/\/apruema.org.br\/wp-content\/uploads\/2025\/10\/Imagem-do-WhatsApp-de-2025-10-08-as-16.39.52_d3136800.jpg\" alt=\"\" width=\"492\" height=\"656\" srcset=\"https:\/\/apruema.org.br\/wp-content\/uploads\/2025\/10\/Imagem-do-WhatsApp-de-2025-10-08-as-16.39.52_d3136800.jpg 960w, https:\/\/apruema.org.br\/wp-content\/uploads\/2025\/10\/Imagem-do-WhatsApp-de-2025-10-08-as-16.39.52_d3136800-225x300.jpg 225w, https:\/\/apruema.org.br\/wp-content\/uploads\/2025\/10\/Imagem-do-WhatsApp-de-2025-10-08-as-16.39.52_d3136800-768x1024.jpg 768w, https:\/\/apruema.org.br\/wp-content\/uploads\/2025\/10\/Imagem-do-WhatsApp-de-2025-10-08-as-16.39.52_d3136800-640x853.jpg 640w, https:\/\/apruema.org.br\/wp-content\/uploads\/2025\/10\/Imagem-do-WhatsApp-de-2025-10-08-as-16.39.52_d3136800-150x200.jpg 150w\" sizes=\"(max-width: 492px) 100vw, 492px\" \/><\/p>\n<p><strong>Por D\u00e9bora Souza<\/strong><\/p>\n","protected":false},"excerpt":{"rendered":"<p>A Associa\u00e7\u00e3o dos Professores da Universidade Estadual do Maranh\u00e3o (Apruema) realizou, entre os dias 6 e 8 de outubro, o evento \u201cMomento de Bem-Estar\u201d, uma iniciativa voltada \u00e0 promo\u00e7\u00e3o da sa\u00fade, do autocuidado e da qualidade de vida dos professores e servidores da Uema. A a\u00e7\u00e3o, que ocorreu no audit\u00f3rio da Apruema, foi realizada em [&hellip;]<\/p>\n","protected":false},"author":3,"featured_media":3262,"comment_status":"closed","ping_status":"closed","sticky":false,"template":"","format":"standard","meta":{"footnotes":""},"categories":[104],"tags":[],"_links":{"self":[{"href":"https:\/\/apruema.org.br\/index.php\/wp-json\/wp\/v2\/posts\/3258"}],"collection":[{"href":"https:\/\/apruema.org.br\/index.php\/wp-json\/wp\/v2\/posts"}],"about":[{"href":"https:\/\/apruema.org.br\/index.php\/wp-json\/wp\/v2\/types\/post"}],"author":[{"embeddable":true,"href":"https:\/\/apruema.org.br\/index.php\/wp-json\/wp\/v2\/users\/3"}],"replies":[{"embeddable":true,"href":"https:\/\/apruema.org.br\/index.php\/wp-json\/wp\/v2\/comments?post=3258"}],"version-history":[{"count":1,"href":"https:\/\/apruema.org.br\/index.php\/wp-json\/wp\/v2\/posts\/3258\/revisions"}],"predecessor-version":[{"id":3263,"href":"https:\/\/apruema.org.br\/index.php\/wp-json\/wp\/v2\/posts\/3258\/revisions\/3263"}],"wp:featuredmedia":[{"embeddable":true,"href":"https:\/\/apruema.org.br\/index.php\/wp-json\/wp\/v2\/media\/3262"}],"wp:attachment":[{"href":"https:\/\/apruema.org.br\/index.php\/wp-json\/wp\/v2\/media?parent=3258"}],"wp:term":[{"taxonomy":"category","embeddable":true,"href":"https:\/\/apruema.org.br\/index.php\/wp-json\/wp\/v2\/categories?post=3258"},{"taxonomy":"post_tag","embeddable":true,"href":"https:\/\/apruema.org.br\/index.php\/wp-json\/wp\/v2\/tags?post=3258"}],"curies":[{"name":"wp","href":"https:\/\/api.w.org\/{rel}","templated":true}]}}