{"id":3264,"date":"2025-10-08T16:50:40","date_gmt":"2025-10-08T19:50:40","guid":{"rendered":"https:\/\/apruema.org.br\/?p=3264"},"modified":"2025-10-08T16:50:40","modified_gmt":"2025-10-08T19:50:40","slug":"apruema-promove-cafe-da-manha-especial-em-homenagem-ao-dia-dos-professores","status":"publish","type":"post","link":"https:\/\/apruema.org.br\/index.php\/2025\/10\/08\/apruema-promove-cafe-da-manha-especial-em-homenagem-ao-dia-dos-professores\/","title":{"rendered":"Apruema promove Caf\u00e9 da Manh\u00e3 especial em homenagem ao Dia dos Professores"},"content":{"rendered":"<p><img fetchpriority=\"high\" decoding=\"async\" class=\"wp-image-3265 aligncenter\" src=\"http:\/\/apruema.org.br\/wp-content\/uploads\/2025\/10\/Imagem-do-WhatsApp-de-2025-10-08-as-11.32.28_bb72f7b5.jpg\" alt=\"\" width=\"444\" height=\"555\" srcset=\"https:\/\/apruema.org.br\/wp-content\/uploads\/2025\/10\/Imagem-do-WhatsApp-de-2025-10-08-as-11.32.28_bb72f7b5.jpg 1080w, https:\/\/apruema.org.br\/wp-content\/uploads\/2025\/10\/Imagem-do-WhatsApp-de-2025-10-08-as-11.32.28_bb72f7b5-240x300.jpg 240w, https:\/\/apruema.org.br\/wp-content\/uploads\/2025\/10\/Imagem-do-WhatsApp-de-2025-10-08-as-11.32.28_bb72f7b5-819x1024.jpg 819w, https:\/\/apruema.org.br\/wp-content\/uploads\/2025\/10\/Imagem-do-WhatsApp-de-2025-10-08-as-11.32.28_bb72f7b5-768x960.jpg 768w, https:\/\/apruema.org.br\/wp-content\/uploads\/2025\/10\/Imagem-do-WhatsApp-de-2025-10-08-as-11.32.28_bb72f7b5-150x188.jpg 150w\" sizes=\"(max-width: 444px) 100vw, 444px\" \/><\/p>\n<p><span style=\"font-weight: 400;\">Em comemora\u00e7\u00e3o ao Dia dos Professores, celebrado em 15 de outubro, a Associa\u00e7\u00e3o dos Professores da Universidade Estadual do Maranh\u00e3o (Apruema) realizar\u00e1 um Caf\u00e9 da Manh\u00e3 especial dedicado a todos os docentes da Uema. O evento acontecer\u00e1 a partir das 8h, no audit\u00f3rio da Apruema, em S\u00e3o Lu\u00eds.<\/span><\/p>\n<p><span style=\"font-weight: 400;\">A iniciativa tem como objetivo celebrar e valorizar o trabalho dos professores, reconhecendo a import\u00e2ncia de cada um na constru\u00e7\u00e3o do conhecimento, na forma\u00e7\u00e3o de cidad\u00e3os e no fortalecimento da universidade p\u00fablica maranhense.<\/span><\/p>\n<p><span style=\"font-weight: 400;\">De acordo com o presidente da Apruema, Cristovam Filho, o momento ser\u00e1 marcado por confraterniza\u00e7\u00e3o, gratid\u00e3o e reconhecimento.<\/span><\/p>\n<p><span style=\"font-weight: 400;\">\u201cO Dia dos Professores \u00e9 uma data simb\u00f3lica, que nos convida a refletir sobre o papel transformador da educa\u00e7\u00e3o e o compromisso de cada docente com o desenvolvimento do nosso estado. Este caf\u00e9 \u00e9 uma forma de homenagear e agradecer a todos que dedicam suas vidas \u00e0 doc\u00eancia, compartilhando saberes e inspirando novas gera\u00e7\u00f5es\u201d, destacou.<\/span><\/p>\n<p><strong>Por D\u00e9bora Souza<\/strong><\/p>\n","protected":false},"excerpt":{"rendered":"<p>Em comemora\u00e7\u00e3o ao Dia dos Professores, celebrado em 15 de outubro, a Associa\u00e7\u00e3o dos Professores da Universidade Estadual do Maranh\u00e3o (Apruema) realizar\u00e1 um Caf\u00e9 da Manh\u00e3 especial dedicado a todos os docentes da Uema. O evento acontecer\u00e1 a partir das 8h, no audit\u00f3rio da Apruema, em S\u00e3o Lu\u00eds. A iniciativa tem como objetivo celebrar e [&hellip;]<\/p>\n","protected":false},"author":3,"featured_media":3265,"comment_status":"closed","ping_status":"closed","sticky":false,"template":"","format":"standard","meta":{"footnotes":""},"categories":[104],"tags":[],"_links":{"self":[{"href":"https:\/\/apruema.org.br\/index.php\/wp-json\/wp\/v2\/posts\/3264"}],"collection":[{"href":"https:\/\/apruema.org.br\/index.php\/wp-json\/wp\/v2\/posts"}],"about":[{"href":"https:\/\/apruema.org.br\/index.php\/wp-json\/wp\/v2\/types\/post"}],"author":[{"embeddable":true,"href":"https:\/\/apruema.org.br\/index.php\/wp-json\/wp\/v2\/users\/3"}],"replies":[{"embeddable":true,"href":"https:\/\/apruema.org.br\/index.php\/wp-json\/wp\/v2\/comments?post=3264"}],"version-history":[{"count":1,"href":"https:\/\/apruema.org.br\/index.php\/wp-json\/wp\/v2\/posts\/3264\/revisions"}],"predecessor-version":[{"id":3266,"href":"https:\/\/apruema.org.br\/index.php\/wp-json\/wp\/v2\/posts\/3264\/revisions\/3266"}],"wp:featuredmedia":[{"embeddable":true,"href":"https:\/\/apruema.org.br\/index.php\/wp-json\/wp\/v2\/media\/3265"}],"wp:attachment":[{"href":"https:\/\/apruema.org.br\/index.php\/wp-json\/wp\/v2\/media?parent=3264"}],"wp:term":[{"taxonomy":"category","embeddable":true,"href":"https:\/\/apruema.org.br\/index.php\/wp-json\/wp\/v2\/categories?post=3264"},{"taxonomy":"post_tag","embeddable":true,"href":"https:\/\/apruema.org.br\/index.php\/wp-json\/wp\/v2\/tags?post=3264"}],"curies":[{"name":"wp","href":"https:\/\/api.w.org\/{rel}","templated":true}]}}