{"id":3274,"date":"2025-10-09T12:28:51","date_gmt":"2025-10-09T15:28:51","guid":{"rendered":"https:\/\/apruema.org.br\/?p=3274"},"modified":"2025-10-09T12:30:02","modified_gmt":"2025-10-09T15:30:02","slug":"presidente-da-apruema-realiza-reuniao-com-professores-do-campus-santa-ines-para-tratar-de-pautas-juridicas-e-institucionais","status":"publish","type":"post","link":"https:\/\/apruema.org.br\/index.php\/2025\/10\/09\/presidente-da-apruema-realiza-reuniao-com-professores-do-campus-santa-ines-para-tratar-de-pautas-juridicas-e-institucionais\/","title":{"rendered":"Presidente da Apruema se re\u00fane com professores do Campus Santa In\u00eas para tratar de pautas jur\u00eddicas e institucionais"},"content":{"rendered":"<p><img fetchpriority=\"high\" decoding=\"async\" class=\"alignnone size-full wp-image-3276\" src=\"http:\/\/apruema.org.br\/wp-content\/uploads\/2025\/10\/IMG-20251009-WA0003.jpg\" alt=\"\" width=\"1193\" height=\"817\" srcset=\"https:\/\/apruema.org.br\/wp-content\/uploads\/2025\/10\/IMG-20251009-WA0003.jpg 1193w, https:\/\/apruema.org.br\/wp-content\/uploads\/2025\/10\/IMG-20251009-WA0003-300x205.jpg 300w, https:\/\/apruema.org.br\/wp-content\/uploads\/2025\/10\/IMG-20251009-WA0003-1024x701.jpg 1024w, https:\/\/apruema.org.br\/wp-content\/uploads\/2025\/10\/IMG-20251009-WA0003-768x526.jpg 768w, https:\/\/apruema.org.br\/wp-content\/uploads\/2025\/10\/IMG-20251009-WA0003-150x103.jpg 150w\" sizes=\"(max-width: 1193px) 100vw, 1193px\" \/><\/p>\n<p><span style=\"font-weight: 400;\">A Associa\u00e7\u00e3o dos Professores da Universidade Estadual do Maranh\u00e3o (Apruema) realizou, nessa quarta-feira (8), uma reuni\u00e3o com os docentes do Campus Santa In\u00eas da Uema, com o objetivo de dialogar sobre temas de interesse coletivo da categoria.<\/span><\/p>\n<p><span style=\"font-weight: 400;\">O encontro ocorreu no Audit\u00f3rio do Campus, reuniu o presidente da Apruema, Cristovam Filho, o diretor do Campus Santa In\u00eas, Marcelo Vasconcelos e demais professores para discutir os principais processos judiciais em andamento, como os da URV, 21,7%, 5,14% e 9%, al\u00e9m da forma\u00e7\u00e3o de novos grupos referentes aos processos da URV e do FUNBEN.<\/span><\/p>\n<p><span style=\"font-weight: 400;\">Durante a reuni\u00e3o, tamb\u00e9m foram apresentados os benef\u00edcios oferecidos aos professores associados \u00e0 Apruema, incluindo conv\u00eanios, servi\u00e7os e a\u00e7\u00f5es voltadas ao bem-estar e \u00e0 valoriza\u00e7\u00e3o dos docentes.<\/span><\/p>\n<p><span style=\"font-weight: 400;\">De acordo com o presidente Cristovam Filho, a iniciativa refor\u00e7a o compromisso da entidade em manter um di\u00e1logo constante com os professores do interior do estado.<\/span><\/p>\n<p><span style=\"font-weight: 400;\">\u201cEsses encontros s\u00e3o fundamentais para manter os professores informados sobre seus direitos e fortalecer a uni\u00e3o da categoria em torno das lutas coletivas\u201d, destacou o presidente.<\/span><\/p>\n<p><span style=\"font-weight: 400;\">A a\u00e7\u00e3o faz parte da agenda da Apruema de aproxima\u00e7\u00e3o com os campi da Uema, garantindo que os associados estejam atualizados e participativos nas pautas que envolvem seus direitos e conquistas.<\/span><\/p>\n<p><img decoding=\"async\" class=\"alignnone wp-image-3275\" src=\"http:\/\/apruema.org.br\/wp-content\/uploads\/2025\/10\/IMG-20251009-WA0006.jpg\" alt=\"\" width=\"286\" height=\"352\" srcset=\"https:\/\/apruema.org.br\/wp-content\/uploads\/2025\/10\/IMG-20251009-WA0006.jpg 1121w, https:\/\/apruema.org.br\/wp-content\/uploads\/2025\/10\/IMG-20251009-WA0006-244x300.jpg 244w, https:\/\/apruema.org.br\/wp-content\/uploads\/2025\/10\/IMG-20251009-WA0006-832x1024.jpg 832w, https:\/\/apruema.org.br\/wp-content\/uploads\/2025\/10\/IMG-20251009-WA0006-768x945.jpg 768w, https:\/\/apruema.org.br\/wp-content\/uploads\/2025\/10\/IMG-20251009-WA0006-150x185.jpg 150w\" sizes=\"(max-width: 286px) 100vw, 286px\" \/> <img decoding=\"async\" class=\"alignnone wp-image-3277\" src=\"http:\/\/apruema.org.br\/wp-content\/uploads\/2025\/10\/IMG-20251009-WA0002.jpg\" alt=\"\" width=\"470\" height=\"353\" srcset=\"https:\/\/apruema.org.br\/wp-content\/uploads\/2025\/10\/IMG-20251009-WA0002.jpg 1600w, https:\/\/apruema.org.br\/wp-content\/uploads\/2025\/10\/IMG-20251009-WA0002-300x225.jpg 300w, https:\/\/apruema.org.br\/wp-content\/uploads\/2025\/10\/IMG-20251009-WA0002-1024x768.jpg 1024w, https:\/\/apruema.org.br\/wp-content\/uploads\/2025\/10\/IMG-20251009-WA0002-768x576.jpg 768w, https:\/\/apruema.org.br\/wp-content\/uploads\/2025\/10\/IMG-20251009-WA0002-1536x1152.jpg 1536w, https:\/\/apruema.org.br\/wp-content\/uploads\/2025\/10\/IMG-20251009-WA0002-150x113.jpg 150w\" sizes=\"(max-width: 470px) 100vw, 470px\" \/><\/p>\n<p><strong>Por D\u00e9bora Souza<\/strong><\/p>\n","protected":false},"excerpt":{"rendered":"<p>A Associa\u00e7\u00e3o dos Professores da Universidade Estadual do Maranh\u00e3o (Apruema) realizou, nessa quarta-feira (8), uma reuni\u00e3o com os docentes do Campus Santa In\u00eas da Uema, com o objetivo de dialogar sobre temas de interesse coletivo da categoria. O encontro ocorreu no Audit\u00f3rio do Campus, reuniu o presidente da Apruema, Cristovam Filho, o diretor do Campus [&hellip;]<\/p>\n","protected":false},"author":3,"featured_media":3276,"comment_status":"closed","ping_status":"closed","sticky":false,"template":"","format":"standard","meta":{"footnotes":""},"categories":[104],"tags":[],"_links":{"self":[{"href":"https:\/\/apruema.org.br\/index.php\/wp-json\/wp\/v2\/posts\/3274"}],"collection":[{"href":"https:\/\/apruema.org.br\/index.php\/wp-json\/wp\/v2\/posts"}],"about":[{"href":"https:\/\/apruema.org.br\/index.php\/wp-json\/wp\/v2\/types\/post"}],"author":[{"embeddable":true,"href":"https:\/\/apruema.org.br\/index.php\/wp-json\/wp\/v2\/users\/3"}],"replies":[{"embeddable":true,"href":"https:\/\/apruema.org.br\/index.php\/wp-json\/wp\/v2\/comments?post=3274"}],"version-history":[{"count":2,"href":"https:\/\/apruema.org.br\/index.php\/wp-json\/wp\/v2\/posts\/3274\/revisions"}],"predecessor-version":[{"id":3279,"href":"https:\/\/apruema.org.br\/index.php\/wp-json\/wp\/v2\/posts\/3274\/revisions\/3279"}],"wp:featuredmedia":[{"embeddable":true,"href":"https:\/\/apruema.org.br\/index.php\/wp-json\/wp\/v2\/media\/3276"}],"wp:attachment":[{"href":"https:\/\/apruema.org.br\/index.php\/wp-json\/wp\/v2\/media?parent=3274"}],"wp:term":[{"taxonomy":"category","embeddable":true,"href":"https:\/\/apruema.org.br\/index.php\/wp-json\/wp\/v2\/categories?post=3274"},{"taxonomy":"post_tag","embeddable":true,"href":"https:\/\/apruema.org.br\/index.php\/wp-json\/wp\/v2\/tags?post=3274"}],"curies":[{"name":"wp","href":"https:\/\/api.w.org\/{rel}","templated":true}]}}