{"id":3280,"date":"2025-10-14T12:35:03","date_gmt":"2025-10-14T15:35:03","guid":{"rendered":"https:\/\/apruema.org.br\/?p=3280"},"modified":"2025-10-14T12:35:03","modified_gmt":"2025-10-14T15:35:03","slug":"plantao-juridico-acontece-nesta-quinta-feira16","status":"publish","type":"post","link":"https:\/\/apruema.org.br\/index.php\/2025\/10\/14\/plantao-juridico-acontece-nesta-quinta-feira16\/","title":{"rendered":"Plant\u00e3o Jur\u00eddico acontece nesta quinta-feira(16)"},"content":{"rendered":"<p><img fetchpriority=\"high\" decoding=\"async\" class=\"alignnone size-full wp-image-3281\" src=\"http:\/\/apruema.org.br\/wp-content\/uploads\/2025\/10\/padrao-para-noticias-rede-social.png\" alt=\"\" width=\"1080\" height=\"1350\" srcset=\"https:\/\/apruema.org.br\/wp-content\/uploads\/2025\/10\/padrao-para-noticias-rede-social.png 1080w, https:\/\/apruema.org.br\/wp-content\/uploads\/2025\/10\/padrao-para-noticias-rede-social-240x300.png 240w, https:\/\/apruema.org.br\/wp-content\/uploads\/2025\/10\/padrao-para-noticias-rede-social-819x1024.png 819w, https:\/\/apruema.org.br\/wp-content\/uploads\/2025\/10\/padrao-para-noticias-rede-social-768x960.png 768w, https:\/\/apruema.org.br\/wp-content\/uploads\/2025\/10\/padrao-para-noticias-rede-social-150x188.png 150w\" sizes=\"(max-width: 1080px) 100vw, 1080px\" \/><\/p>\n<p>A Associa\u00e7\u00e3o dos Professores da Universidade Estadual do Maranh\u00e3o (Apruema) informa a todos os docentes s\u00f3cios que, no pr\u00f3ximo dia 16 de outubro (quinta-feira), das 9h30 \u00e0s 11h30, em sua sede administrativa, ser\u00e1 realizado o Plant\u00e3o Jur\u00eddico da entidade, sob o comando dos advogados Rafael Borges e Jo\u00e3o Jafar.<\/p>\n<p>Professor(a) Associado (a), compare\u00e7a e tire suas d\u00favidas sobre as principais quest\u00f5es de natureza trabalhista de compet\u00eancia da Apruema.<\/p>\n<p>S\u00e3o Lu\u00eds (MA), 14 de outubro de 2025.<\/p>\n<p>A DIRETORIA<\/p>\n","protected":false},"excerpt":{"rendered":"<p>A Associa\u00e7\u00e3o dos Professores da Universidade Estadual do Maranh\u00e3o (Apruema) informa a todos os docentes s\u00f3cios que, no pr\u00f3ximo dia 16 de outubro (quinta-feira), das 9h30 \u00e0s 11h30, em sua sede administrativa, ser\u00e1 realizado o Plant\u00e3o Jur\u00eddico da entidade, sob o comando dos advogados Rafael Borges e Jo\u00e3o Jafar. Professor(a) Associado (a), compare\u00e7a e tire [&hellip;]<\/p>\n","protected":false},"author":3,"featured_media":3281,"comment_status":"closed","ping_status":"closed","sticky":false,"template":"","format":"standard","meta":{"footnotes":""},"categories":[104],"tags":[],"_links":{"self":[{"href":"https:\/\/apruema.org.br\/index.php\/wp-json\/wp\/v2\/posts\/3280"}],"collection":[{"href":"https:\/\/apruema.org.br\/index.php\/wp-json\/wp\/v2\/posts"}],"about":[{"href":"https:\/\/apruema.org.br\/index.php\/wp-json\/wp\/v2\/types\/post"}],"author":[{"embeddable":true,"href":"https:\/\/apruema.org.br\/index.php\/wp-json\/wp\/v2\/users\/3"}],"replies":[{"embeddable":true,"href":"https:\/\/apruema.org.br\/index.php\/wp-json\/wp\/v2\/comments?post=3280"}],"version-history":[{"count":1,"href":"https:\/\/apruema.org.br\/index.php\/wp-json\/wp\/v2\/posts\/3280\/revisions"}],"predecessor-version":[{"id":3282,"href":"https:\/\/apruema.org.br\/index.php\/wp-json\/wp\/v2\/posts\/3280\/revisions\/3282"}],"wp:featuredmedia":[{"embeddable":true,"href":"https:\/\/apruema.org.br\/index.php\/wp-json\/wp\/v2\/media\/3281"}],"wp:attachment":[{"href":"https:\/\/apruema.org.br\/index.php\/wp-json\/wp\/v2\/media?parent=3280"}],"wp:term":[{"taxonomy":"category","embeddable":true,"href":"https:\/\/apruema.org.br\/index.php\/wp-json\/wp\/v2\/categories?post=3280"},{"taxonomy":"post_tag","embeddable":true,"href":"https:\/\/apruema.org.br\/index.php\/wp-json\/wp\/v2\/tags?post=3280"}],"curies":[{"name":"wp","href":"https:\/\/api.w.org\/{rel}","templated":true}]}}