{"id":3318,"date":"2025-10-28T20:25:29","date_gmt":"2025-10-28T23:25:29","guid":{"rendered":"https:\/\/apruema.org.br\/?p=3318"},"modified":"2025-10-28T20:25:29","modified_gmt":"2025-10-28T23:25:29","slug":"homenagem-dupla-apruema-comemora-dia-dos-professores-e-servidores-no-campus-caxias","status":"publish","type":"post","link":"https:\/\/apruema.org.br\/index.php\/2025\/10\/28\/homenagem-dupla-apruema-comemora-dia-dos-professores-e-servidores-no-campus-caxias\/","title":{"rendered":"Homenagem dupla: Apruema comemora dia dos professores e servidores no Campus Caxias"},"content":{"rendered":"<p><img fetchpriority=\"high\" decoding=\"async\" class=\"wp-image-3319 aligncenter\" src=\"http:\/\/apruema.org.br\/wp-content\/uploads\/2025\/10\/Imagem-do-WhatsApp-de-2025-10-28-as-17.56.39_49d39340.jpg\" alt=\"\" width=\"426\" height=\"568\" srcset=\"https:\/\/apruema.org.br\/wp-content\/uploads\/2025\/10\/Imagem-do-WhatsApp-de-2025-10-28-as-17.56.39_49d39340.jpg 960w, https:\/\/apruema.org.br\/wp-content\/uploads\/2025\/10\/Imagem-do-WhatsApp-de-2025-10-28-as-17.56.39_49d39340-225x300.jpg 225w, https:\/\/apruema.org.br\/wp-content\/uploads\/2025\/10\/Imagem-do-WhatsApp-de-2025-10-28-as-17.56.39_49d39340-768x1024.jpg 768w, https:\/\/apruema.org.br\/wp-content\/uploads\/2025\/10\/Imagem-do-WhatsApp-de-2025-10-28-as-17.56.39_49d39340-640x853.jpg 640w, https:\/\/apruema.org.br\/wp-content\/uploads\/2025\/10\/Imagem-do-WhatsApp-de-2025-10-28-as-17.56.39_49d39340-150x200.jpg 150w\" sizes=\"(max-width: 426px) 100vw, 426px\" \/><\/p>\n<p>Nesta ter\u00e7a-feira (28), aconteceu no Campus Caxias da Universidade Estadual do Maranh\u00e3o (Uema) um caf\u00e9 da manh\u00e3 especial em homenagem ao Dia dos Professores e ao Dia do Servidor P\u00fablico, promovido pela Associa\u00e7\u00e3o dos Professores da Uema (Apruema).<\/p>\n<p>O encontro contou com a presen\u00e7a da diretora do campus, Val\u00e9ria Pinheiro, al\u00e9m de diversos professores e servidores da unidade. O ambiente foi marcado por um clima de acolhimento, alegria e valoriza\u00e7\u00e3o daqueles que, com dedica\u00e7\u00e3o e compromisso, contribuem diariamente para o fortalecimento da educa\u00e7\u00e3o p\u00fablica e para o funcionamento da universidade.<\/p>\n<p>Durante a celebra\u00e7\u00e3o, os participantes compartilharam hist\u00f3rias, experi\u00eancias e reflex\u00f5es sobre a import\u00e2ncia de cada servidor e professor na constru\u00e7\u00e3o de uma Uema mais forte e inclusiva.<\/p>\n<p>A a\u00e7\u00e3o integra as atividades da Apruema voltadas \u00e0 valoriza\u00e7\u00e3o e bem-estar dos profissionais da universidade, refor\u00e7ando o papel da associa\u00e7\u00e3o como espa\u00e7o de uni\u00e3o, representatividade e reconhecimento da categoria.\u201cCada gesto, cada dedica\u00e7\u00e3o e cada hist\u00f3ria compartilhada refor\u00e7am a import\u00e2ncia de quem serve com compromisso e amor \u00e0 educa\u00e7\u00e3o p\u00fablica\u201d, destacou o presidente da Apruema, Cristovam Filho.<\/p>\n<p><img decoding=\"async\" class=\"alignnone size-full wp-image-3320\" src=\"http:\/\/apruema.org.br\/wp-content\/uploads\/2025\/10\/Imagem-do-WhatsApp-de-2025-10-28-as-17.56.39_fbe3f3d9.jpg\" alt=\"\" width=\"1280\" height=\"960\" srcset=\"https:\/\/apruema.org.br\/wp-content\/uploads\/2025\/10\/Imagem-do-WhatsApp-de-2025-10-28-as-17.56.39_fbe3f3d9.jpg 1280w, https:\/\/apruema.org.br\/wp-content\/uploads\/2025\/10\/Imagem-do-WhatsApp-de-2025-10-28-as-17.56.39_fbe3f3d9-300x225.jpg 300w, https:\/\/apruema.org.br\/wp-content\/uploads\/2025\/10\/Imagem-do-WhatsApp-de-2025-10-28-as-17.56.39_fbe3f3d9-1024x768.jpg 1024w, https:\/\/apruema.org.br\/wp-content\/uploads\/2025\/10\/Imagem-do-WhatsApp-de-2025-10-28-as-17.56.39_fbe3f3d9-768x576.jpg 768w, https:\/\/apruema.org.br\/wp-content\/uploads\/2025\/10\/Imagem-do-WhatsApp-de-2025-10-28-as-17.56.39_fbe3f3d9-150x113.jpg 150w\" sizes=\"(max-width: 1280px) 100vw, 1280px\" \/><\/p>\n<p>&nbsp;<\/p>\n<p><img decoding=\"async\" class=\"alignnone size-full wp-image-3321\" src=\"http:\/\/apruema.org.br\/wp-content\/uploads\/2025\/10\/Imagem-do-WhatsApp-de-2025-10-28-as-17.56.39_c993fa28.jpg\" alt=\"\" width=\"1280\" height=\"960\" srcset=\"https:\/\/apruema.org.br\/wp-content\/uploads\/2025\/10\/Imagem-do-WhatsApp-de-2025-10-28-as-17.56.39_c993fa28.jpg 1280w, https:\/\/apruema.org.br\/wp-content\/uploads\/2025\/10\/Imagem-do-WhatsApp-de-2025-10-28-as-17.56.39_c993fa28-300x225.jpg 300w, https:\/\/apruema.org.br\/wp-content\/uploads\/2025\/10\/Imagem-do-WhatsApp-de-2025-10-28-as-17.56.39_c993fa28-1024x768.jpg 1024w, https:\/\/apruema.org.br\/wp-content\/uploads\/2025\/10\/Imagem-do-WhatsApp-de-2025-10-28-as-17.56.39_c993fa28-768x576.jpg 768w, https:\/\/apruema.org.br\/wp-content\/uploads\/2025\/10\/Imagem-do-WhatsApp-de-2025-10-28-as-17.56.39_c993fa28-150x113.jpg 150w\" sizes=\"(max-width: 1280px) 100vw, 1280px\" \/><\/p>\n<p><img loading=\"lazy\" decoding=\"async\" class=\"alignnone size-full wp-image-3322\" src=\"http:\/\/apruema.org.br\/wp-content\/uploads\/2025\/10\/Imagem-do-WhatsApp-de-2025-10-28-as-17.56.39_c3095daf.jpg\" alt=\"\" width=\"1280\" height=\"960\" srcset=\"https:\/\/apruema.org.br\/wp-content\/uploads\/2025\/10\/Imagem-do-WhatsApp-de-2025-10-28-as-17.56.39_c3095daf.jpg 1280w, https:\/\/apruema.org.br\/wp-content\/uploads\/2025\/10\/Imagem-do-WhatsApp-de-2025-10-28-as-17.56.39_c3095daf-300x225.jpg 300w, https:\/\/apruema.org.br\/wp-content\/uploads\/2025\/10\/Imagem-do-WhatsApp-de-2025-10-28-as-17.56.39_c3095daf-1024x768.jpg 1024w, https:\/\/apruema.org.br\/wp-content\/uploads\/2025\/10\/Imagem-do-WhatsApp-de-2025-10-28-as-17.56.39_c3095daf-768x576.jpg 768w, https:\/\/apruema.org.br\/wp-content\/uploads\/2025\/10\/Imagem-do-WhatsApp-de-2025-10-28-as-17.56.39_c3095daf-150x113.jpg 150w\" sizes=\"(max-width: 1280px) 100vw, 1280px\" \/> <img loading=\"lazy\" decoding=\"async\" class=\"alignnone size-full wp-image-3323\" src=\"http:\/\/apruema.org.br\/wp-content\/uploads\/2025\/10\/Imagem-do-WhatsApp-de-2025-10-28-as-17.56.39_bd7d7af4.jpg\" alt=\"\" width=\"1280\" height=\"960\" srcset=\"https:\/\/apruema.org.br\/wp-content\/uploads\/2025\/10\/Imagem-do-WhatsApp-de-2025-10-28-as-17.56.39_bd7d7af4.jpg 1280w, https:\/\/apruema.org.br\/wp-content\/uploads\/2025\/10\/Imagem-do-WhatsApp-de-2025-10-28-as-17.56.39_bd7d7af4-300x225.jpg 300w, https:\/\/apruema.org.br\/wp-content\/uploads\/2025\/10\/Imagem-do-WhatsApp-de-2025-10-28-as-17.56.39_bd7d7af4-1024x768.jpg 1024w, https:\/\/apruema.org.br\/wp-content\/uploads\/2025\/10\/Imagem-do-WhatsApp-de-2025-10-28-as-17.56.39_bd7d7af4-768x576.jpg 768w, https:\/\/apruema.org.br\/wp-content\/uploads\/2025\/10\/Imagem-do-WhatsApp-de-2025-10-28-as-17.56.39_bd7d7af4-150x113.jpg 150w\" sizes=\"(max-width: 1280px) 100vw, 1280px\" \/><\/p>\n<p><strong>Por D\u00e9bora Souza<\/strong><\/p>\n","protected":false},"excerpt":{"rendered":"<p>Nesta ter\u00e7a-feira (28), aconteceu no Campus Caxias da Universidade Estadual do Maranh\u00e3o (Uema) um caf\u00e9 da manh\u00e3 especial em homenagem ao Dia dos Professores e ao Dia do Servidor P\u00fablico, promovido pela Associa\u00e7\u00e3o dos Professores da Uema (Apruema). O encontro contou com a presen\u00e7a da diretora do campus, Val\u00e9ria Pinheiro, al\u00e9m de diversos professores e [&hellip;]<\/p>\n","protected":false},"author":3,"featured_media":3319,"comment_status":"closed","ping_status":"closed","sticky":false,"template":"","format":"standard","meta":{"footnotes":""},"categories":[104],"tags":[],"_links":{"self":[{"href":"https:\/\/apruema.org.br\/index.php\/wp-json\/wp\/v2\/posts\/3318"}],"collection":[{"href":"https:\/\/apruema.org.br\/index.php\/wp-json\/wp\/v2\/posts"}],"about":[{"href":"https:\/\/apruema.org.br\/index.php\/wp-json\/wp\/v2\/types\/post"}],"author":[{"embeddable":true,"href":"https:\/\/apruema.org.br\/index.php\/wp-json\/wp\/v2\/users\/3"}],"replies":[{"embeddable":true,"href":"https:\/\/apruema.org.br\/index.php\/wp-json\/wp\/v2\/comments?post=3318"}],"version-history":[{"count":1,"href":"https:\/\/apruema.org.br\/index.php\/wp-json\/wp\/v2\/posts\/3318\/revisions"}],"predecessor-version":[{"id":3324,"href":"https:\/\/apruema.org.br\/index.php\/wp-json\/wp\/v2\/posts\/3318\/revisions\/3324"}],"wp:featuredmedia":[{"embeddable":true,"href":"https:\/\/apruema.org.br\/index.php\/wp-json\/wp\/v2\/media\/3319"}],"wp:attachment":[{"href":"https:\/\/apruema.org.br\/index.php\/wp-json\/wp\/v2\/media?parent=3318"}],"wp:term":[{"taxonomy":"category","embeddable":true,"href":"https:\/\/apruema.org.br\/index.php\/wp-json\/wp\/v2\/categories?post=3318"},{"taxonomy":"post_tag","embeddable":true,"href":"https:\/\/apruema.org.br\/index.php\/wp-json\/wp\/v2\/tags?post=3318"}],"curies":[{"name":"wp","href":"https:\/\/api.w.org\/{rel}","templated":true}]}}