{"id":3370,"date":"2025-12-18T20:30:17","date_gmt":"2025-12-18T23:30:17","guid":{"rendered":"https:\/\/apruema.org.br\/?p=3370"},"modified":"2025-12-18T20:30:17","modified_gmt":"2025-12-18T23:30:17","slug":"confraternizacao-natalina-reune-professores-da-apruema-da-regional-santa-ines","status":"publish","type":"post","link":"https:\/\/apruema.org.br\/index.php\/2025\/12\/18\/confraternizacao-natalina-reune-professores-da-apruema-da-regional-santa-ines\/","title":{"rendered":"Confraterniza\u00e7\u00e3o Natalina re\u00fane professores da Apruema da regional Santa In\u00eas"},"content":{"rendered":"<p data-start=\"214\" data-end=\"468\"><img fetchpriority=\"high\" decoding=\"async\" class=\"wp-image-3371 aligncenter\" src=\"http:\/\/apruema.org.br\/wp-content\/uploads\/2025\/12\/WhatsApp-Image-2025-12-18-at-09.47.01.jpeg\" alt=\"\" width=\"591\" height=\"443\" srcset=\"https:\/\/apruema.org.br\/wp-content\/uploads\/2025\/12\/WhatsApp-Image-2025-12-18-at-09.47.01.jpeg 1280w, https:\/\/apruema.org.br\/wp-content\/uploads\/2025\/12\/WhatsApp-Image-2025-12-18-at-09.47.01-300x225.jpeg 300w, https:\/\/apruema.org.br\/wp-content\/uploads\/2025\/12\/WhatsApp-Image-2025-12-18-at-09.47.01-1024x768.jpeg 1024w, https:\/\/apruema.org.br\/wp-content\/uploads\/2025\/12\/WhatsApp-Image-2025-12-18-at-09.47.01-768x576.jpeg 768w, https:\/\/apruema.org.br\/wp-content\/uploads\/2025\/12\/WhatsApp-Image-2025-12-18-at-09.47.01-150x113.jpeg 150w\" sizes=\"(max-width: 591px) 100vw, 591px\" \/><\/p>\n<p data-start=\"214\" data-end=\"468\">A Universidade Estadual do Maranh\u00e3o (Uema) em Santa In\u00eas realizou, na \u00faltima ter\u00e7a-feira (17), a Confraterniza\u00e7\u00e3o Natalina que reuniu professores e servidores em um momento de integra\u00e7\u00e3o, alegria e celebra\u00e7\u00e3o.<\/p>\n<p data-start=\"470\" data-end=\"784\">O evento, que contou com o apoio da Apruema,\u00a0 foi organizado pelo diretor do Campus Santa In\u00eas da Uema, Marcelo Vasconcelos, proporcionando um ambiente acolhedor e festivo para a comunidade acad\u00eamica. A programa\u00e7\u00e3o incluiu confraterniza\u00e7\u00e3o, sorteio de brindes e atividades que marcaram o encerramento do ano.<\/p>\n<p data-start=\"786\" data-end=\"1036\">A iniciativa teve como objetivo fortalecer os la\u00e7os entre os docentes, valorizar o trabalho desenvolvido ao longo do ano e celebrar o esp\u00edrito natalino, refor\u00e7ando sentimentos de uni\u00e3o, gratid\u00e3o e conviv\u00eancia entre professores da ativa e aposentados.<\/p>\n<p data-start=\"1038\" data-end=\"1475\">Para o presidente da Apruema, Cristovam Filho, momentos como esse s\u00e3o fundamentais para fortalecer a entidade e a conviv\u00eancia entre os associados. \u201cEssas confraterniza\u00e7\u00f5es refor\u00e7am o sentimento de pertencimento e uni\u00e3o entre os professores, al\u00e9m de reconhecer o esfor\u00e7o e a dedica\u00e7\u00e3o de cada docente ao longo do ano. A Apruema segue apoiando iniciativas que promovam acolhimento, integra\u00e7\u00e3o e valoriza\u00e7\u00e3o da nossa categoria\u201d, destacou.<\/p>\n<p data-start=\"1038\" data-end=\"1475\"><img decoding=\"async\" class=\"wp-image-3372 aligncenter\" src=\"http:\/\/apruema.org.br\/wp-content\/uploads\/2025\/12\/WhatsApp-Image-2025-12-18-at-09.47.00.jpeg\" alt=\"\" width=\"395\" height=\"526\" srcset=\"https:\/\/apruema.org.br\/wp-content\/uploads\/2025\/12\/WhatsApp-Image-2025-12-18-at-09.47.00.jpeg 960w, https:\/\/apruema.org.br\/wp-content\/uploads\/2025\/12\/WhatsApp-Image-2025-12-18-at-09.47.00-225x300.jpeg 225w, https:\/\/apruema.org.br\/wp-content\/uploads\/2025\/12\/WhatsApp-Image-2025-12-18-at-09.47.00-768x1024.jpeg 768w, https:\/\/apruema.org.br\/wp-content\/uploads\/2025\/12\/WhatsApp-Image-2025-12-18-at-09.47.00-640x853.jpeg 640w, https:\/\/apruema.org.br\/wp-content\/uploads\/2025\/12\/WhatsApp-Image-2025-12-18-at-09.47.00-150x200.jpeg 150w\" sizes=\"(max-width: 395px) 100vw, 395px\" \/><\/p>\n<p data-start=\"1038\" data-end=\"1475\"><strong>Por D\u00e9bora Souza<\/strong><\/p>\n","protected":false},"excerpt":{"rendered":"<p>A Universidade Estadual do Maranh\u00e3o (Uema) em Santa In\u00eas realizou, na \u00faltima ter\u00e7a-feira (17), a Confraterniza\u00e7\u00e3o Natalina que reuniu professores e servidores em um momento de integra\u00e7\u00e3o, alegria e celebra\u00e7\u00e3o. O evento, que contou com o apoio da Apruema,\u00a0 foi organizado pelo diretor do Campus Santa In\u00eas da Uema, Marcelo Vasconcelos, proporcionando um ambiente acolhedor [&hellip;]<\/p>\n","protected":false},"author":3,"featured_media":3371,"comment_status":"closed","ping_status":"closed","sticky":false,"template":"","format":"standard","meta":{"footnotes":""},"categories":[104],"tags":[],"_links":{"self":[{"href":"https:\/\/apruema.org.br\/index.php\/wp-json\/wp\/v2\/posts\/3370"}],"collection":[{"href":"https:\/\/apruema.org.br\/index.php\/wp-json\/wp\/v2\/posts"}],"about":[{"href":"https:\/\/apruema.org.br\/index.php\/wp-json\/wp\/v2\/types\/post"}],"author":[{"embeddable":true,"href":"https:\/\/apruema.org.br\/index.php\/wp-json\/wp\/v2\/users\/3"}],"replies":[{"embeddable":true,"href":"https:\/\/apruema.org.br\/index.php\/wp-json\/wp\/v2\/comments?post=3370"}],"version-history":[{"count":1,"href":"https:\/\/apruema.org.br\/index.php\/wp-json\/wp\/v2\/posts\/3370\/revisions"}],"predecessor-version":[{"id":3373,"href":"https:\/\/apruema.org.br\/index.php\/wp-json\/wp\/v2\/posts\/3370\/revisions\/3373"}],"wp:featuredmedia":[{"embeddable":true,"href":"https:\/\/apruema.org.br\/index.php\/wp-json\/wp\/v2\/media\/3371"}],"wp:attachment":[{"href":"https:\/\/apruema.org.br\/index.php\/wp-json\/wp\/v2\/media?parent=3370"}],"wp:term":[{"taxonomy":"category","embeddable":true,"href":"https:\/\/apruema.org.br\/index.php\/wp-json\/wp\/v2\/categories?post=3370"},{"taxonomy":"post_tag","embeddable":true,"href":"https:\/\/apruema.org.br\/index.php\/wp-json\/wp\/v2\/tags?post=3370"}],"curies":[{"name":"wp","href":"https:\/\/api.w.org\/{rel}","templated":true}]}}