{"id":3473,"date":"2026-01-05T09:05:47","date_gmt":"2026-01-05T12:05:47","guid":{"rendered":"https:\/\/apruema.org.br\/?p=3473"},"modified":"2026-01-05T09:05:47","modified_gmt":"2026-01-05T12:05:47","slug":"diretoria-reeleita-da-apruema-toma-posse-nesta-segunda-feira5","status":"publish","type":"post","link":"https:\/\/apruema.org.br\/index.php\/2026\/01\/05\/diretoria-reeleita-da-apruema-toma-posse-nesta-segunda-feira5\/","title":{"rendered":"Diretoria reeleita da Apruema toma posse nesta segunda-feira(5)"},"content":{"rendered":"<p data-start=\"253\" data-end=\"605\"><img fetchpriority=\"high\" decoding=\"async\" class=\"wp-image-3474 aligncenter\" src=\"http:\/\/apruema.org.br\/wp-content\/uploads\/2025\/12\/padrao-para-noticias-rede-social-89.png\" alt=\"\" width=\"354\" height=\"443\" srcset=\"https:\/\/apruema.org.br\/wp-content\/uploads\/2025\/12\/padrao-para-noticias-rede-social-89.png 1080w, https:\/\/apruema.org.br\/wp-content\/uploads\/2025\/12\/padrao-para-noticias-rede-social-89-240x300.png 240w, https:\/\/apruema.org.br\/wp-content\/uploads\/2025\/12\/padrao-para-noticias-rede-social-89-819x1024.png 819w, https:\/\/apruema.org.br\/wp-content\/uploads\/2025\/12\/padrao-para-noticias-rede-social-89-768x960.png 768w, https:\/\/apruema.org.br\/wp-content\/uploads\/2025\/12\/padrao-para-noticias-rede-social-89-150x188.png 150w\" sizes=\"(max-width: 354px) 100vw, 354px\" \/><\/p>\n<p data-start=\"253\" data-end=\"605\">A Associa\u00e7\u00e3o dos Professores da Universidade Estadual do Maranh\u00e3o (Apruema) realizar\u00e1, no pr\u00f3ximo dia 5 de janeiro, a solenidade de posse da diretoria reeleita para o bi\u00eanio 2026-2027. O ato acontecer\u00e1 \u00e0s 10h, no Audit\u00f3rio da Apruema, em S\u00e3o Lu\u00eds, e marcar\u00e1 oficialmente o in\u00edcio de mais um mandato da atual gest\u00e3o \u00e0 frente da entidade.<\/p>\n<p data-start=\"607\" data-end=\"1014\">A diretoria foi reconduzida ap\u00f3s as elei\u00e7\u00f5es gerais realizadas no dia 12 de novembro, que definiram os novos representantes do Conselho Diretor, do Conselho Fiscal e das Representa\u00e7\u00f5es Regionais de Bacabal, Balsas, Caxias, Santa In\u00eas, Timon e do Campus da UEMASUL, em Imperatriz. O processo eleitoral foi marcado pela ampla participa\u00e7\u00e3o dos associados, reafirmando o car\u00e1ter democr\u00e1tico da entidade.<\/p>\n<p data-start=\"1016\" data-end=\"1305\">Na ocasi\u00e3o, a Chapa Unidade Docente, encabe\u00e7ada pelo professor Cristovam Filho, presidente, e pelo professor Iran Passos, vice-presidente, foi eleita com 96,31% dos votos v\u00e1lidos, resultado que garantiu a continuidade da atual gest\u00e3o \u00e0 frente da Apruema por mais um bi\u00eanio.<\/p>\n<p data-start=\"1016\" data-end=\"1305\"><strong>Por D\u00e9bora Souza<\/strong><\/p>\n","protected":false},"excerpt":{"rendered":"<p>A Associa\u00e7\u00e3o dos Professores da Universidade Estadual do Maranh\u00e3o (Apruema) realizar\u00e1, no pr\u00f3ximo dia 5 de janeiro, a solenidade de posse da diretoria reeleita para o bi\u00eanio 2026-2027. O ato acontecer\u00e1 \u00e0s 10h, no Audit\u00f3rio da Apruema, em S\u00e3o Lu\u00eds, e marcar\u00e1 oficialmente o in\u00edcio de mais um mandato da atual gest\u00e3o \u00e0 frente da [&hellip;]<\/p>\n","protected":false},"author":3,"featured_media":3474,"comment_status":"closed","ping_status":"closed","sticky":false,"template":"","format":"standard","meta":{"footnotes":""},"categories":[104],"tags":[],"_links":{"self":[{"href":"https:\/\/apruema.org.br\/index.php\/wp-json\/wp\/v2\/posts\/3473"}],"collection":[{"href":"https:\/\/apruema.org.br\/index.php\/wp-json\/wp\/v2\/posts"}],"about":[{"href":"https:\/\/apruema.org.br\/index.php\/wp-json\/wp\/v2\/types\/post"}],"author":[{"embeddable":true,"href":"https:\/\/apruema.org.br\/index.php\/wp-json\/wp\/v2\/users\/3"}],"replies":[{"embeddable":true,"href":"https:\/\/apruema.org.br\/index.php\/wp-json\/wp\/v2\/comments?post=3473"}],"version-history":[{"count":2,"href":"https:\/\/apruema.org.br\/index.php\/wp-json\/wp\/v2\/posts\/3473\/revisions"}],"predecessor-version":[{"id":3521,"href":"https:\/\/apruema.org.br\/index.php\/wp-json\/wp\/v2\/posts\/3473\/revisions\/3521"}],"wp:featuredmedia":[{"embeddable":true,"href":"https:\/\/apruema.org.br\/index.php\/wp-json\/wp\/v2\/media\/3474"}],"wp:attachment":[{"href":"https:\/\/apruema.org.br\/index.php\/wp-json\/wp\/v2\/media?parent=3473"}],"wp:term":[{"taxonomy":"category","embeddable":true,"href":"https:\/\/apruema.org.br\/index.php\/wp-json\/wp\/v2\/categories?post=3473"},{"taxonomy":"post_tag","embeddable":true,"href":"https:\/\/apruema.org.br\/index.php\/wp-json\/wp\/v2\/tags?post=3473"}],"curies":[{"name":"wp","href":"https:\/\/api.w.org\/{rel}","templated":true}]}}