{"id":3508,"date":"2025-12-30T16:29:33","date_gmt":"2025-12-30T19:29:33","guid":{"rendered":"https:\/\/apruema.org.br\/?p=3508"},"modified":"2025-12-30T16:33:30","modified_gmt":"2025-12-30T19:33:30","slug":"nota-de-pesar-prof-manoel-afonso-campelo-filho","status":"publish","type":"post","link":"https:\/\/apruema.org.br\/index.php\/2025\/12\/30\/nota-de-pesar-prof-manoel-afonso-campelo-filho\/","title":{"rendered":"Nota de Pesar &#8211; Prof. Manoel Afonso Campelo Filho"},"content":{"rendered":"<p data-start=\"85\" data-end=\"403\"><img fetchpriority=\"high\" decoding=\"async\" class=\"wp-image-3509 aligncenter\" src=\"http:\/\/apruema.org.br\/wp-content\/uploads\/2025\/12\/padrao-para-noticias-rede-social-97.png\" alt=\"\" width=\"472\" height=\"590\" srcset=\"https:\/\/apruema.org.br\/wp-content\/uploads\/2025\/12\/padrao-para-noticias-rede-social-97.png 1080w, https:\/\/apruema.org.br\/wp-content\/uploads\/2025\/12\/padrao-para-noticias-rede-social-97-240x300.png 240w, https:\/\/apruema.org.br\/wp-content\/uploads\/2025\/12\/padrao-para-noticias-rede-social-97-819x1024.png 819w, https:\/\/apruema.org.br\/wp-content\/uploads\/2025\/12\/padrao-para-noticias-rede-social-97-768x960.png 768w, https:\/\/apruema.org.br\/wp-content\/uploads\/2025\/12\/padrao-para-noticias-rede-social-97-150x188.png 150w\" sizes=\"(max-width: 472px) 100vw, 472px\" \/><\/p>\n<p data-start=\"85\" data-end=\"403\">A Associa\u00e7\u00e3o dos Professores da Universidade Estadual do Maranh\u00e3o (Apruema) manifesta profundo pesar pelo falecimento do Professor Manoel Afonso Campelo Filho, ocorrido ontem, 29 de dezembro. Ele era docente do Departamento de Hist\u00f3ria e Geografia da Universidade Estadual do Maranh\u00e3o (Uema), no Campus Caxias.<\/p>\n<p data-start=\"405\" data-end=\"692\">O Professor Manoel construiu uma trajet\u00f3ria marcada pelo compromisso com a educa\u00e7\u00e3o p\u00fablica, pela dedica\u00e7\u00e3o ao ensino e pela contribui\u00e7\u00e3o \u00e0 forma\u00e7\u00e3o de in\u00fameras gera\u00e7\u00f5es de estudantes. Sua atua\u00e7\u00e3o acad\u00eamica e humana deixa um legado de respeito, seriedade e zelo pela universidade.<\/p>\n<p data-start=\"694\" data-end=\"920\">Neste momento de dor e consterna\u00e7\u00e3o, a Apruema se solidariza com os familiares, amigos, colegas de trabalho e toda a comunidade acad\u00eamica da Uema, desejando que encontrem conforto e for\u00e7a para enfrentar esta irrepar\u00e1vel perda.<\/p>\n","protected":false},"excerpt":{"rendered":"<p>A Associa\u00e7\u00e3o dos Professores da Universidade Estadual do Maranh\u00e3o (Apruema) manifesta profundo pesar pelo falecimento do Professor Manoel Afonso Campelo Filho, ocorrido ontem, 29 de dezembro. Ele era docente do Departamento de Hist\u00f3ria e Geografia da Universidade Estadual do Maranh\u00e3o (Uema), no Campus Caxias. O Professor Manoel construiu uma trajet\u00f3ria marcada pelo compromisso com a [&hellip;]<\/p>\n","protected":false},"author":3,"featured_media":3509,"comment_status":"closed","ping_status":"closed","sticky":false,"template":"","format":"standard","meta":{"footnotes":""},"categories":[104],"tags":[],"_links":{"self":[{"href":"https:\/\/apruema.org.br\/index.php\/wp-json\/wp\/v2\/posts\/3508"}],"collection":[{"href":"https:\/\/apruema.org.br\/index.php\/wp-json\/wp\/v2\/posts"}],"about":[{"href":"https:\/\/apruema.org.br\/index.php\/wp-json\/wp\/v2\/types\/post"}],"author":[{"embeddable":true,"href":"https:\/\/apruema.org.br\/index.php\/wp-json\/wp\/v2\/users\/3"}],"replies":[{"embeddable":true,"href":"https:\/\/apruema.org.br\/index.php\/wp-json\/wp\/v2\/comments?post=3508"}],"version-history":[{"count":4,"href":"https:\/\/apruema.org.br\/index.php\/wp-json\/wp\/v2\/posts\/3508\/revisions"}],"predecessor-version":[{"id":3513,"href":"https:\/\/apruema.org.br\/index.php\/wp-json\/wp\/v2\/posts\/3508\/revisions\/3513"}],"wp:featuredmedia":[{"embeddable":true,"href":"https:\/\/apruema.org.br\/index.php\/wp-json\/wp\/v2\/media\/3509"}],"wp:attachment":[{"href":"https:\/\/apruema.org.br\/index.php\/wp-json\/wp\/v2\/media?parent=3508"}],"wp:term":[{"taxonomy":"category","embeddable":true,"href":"https:\/\/apruema.org.br\/index.php\/wp-json\/wp\/v2\/categories?post=3508"},{"taxonomy":"post_tag","embeddable":true,"href":"https:\/\/apruema.org.br\/index.php\/wp-json\/wp\/v2\/tags?post=3508"}],"curies":[{"name":"wp","href":"https:\/\/api.w.org\/{rel}","templated":true}]}}